{"id":33201,"date":"2026-08-31T18:26:01","date_gmt":"2026-09-01T01:26:01","guid":{"rendered":"https:\/\/elreporterodelacomunidad.com\/?p=33201"},"modified":"2026-08-31T18:26:02","modified_gmt":"2026-09-01T01:26:02","slug":"capacita-universidad-de-las-naciones-unidas-a-investigador-de-la-unison","status":"publish","type":"post","link":"https:\/\/elreporterodelacomunidad.com\/index.php\/2026\/08\/31\/capacita-universidad-de-las-naciones-unidas-a-investigador-de-la-unison\/","title":{"rendered":"Capacita Universidad de las Naciones Unidas a investigador de la UNISON"},"content":{"rendered":"\n<p class=\"wp-block-paragraph\">Hermosillo, Sonora a 31 de agosto de 2026.- Por su investigaci\u00f3n de gran impacto en el sector minero y ambiental, Alfonso \u00c1lvarez Villa, acad\u00e9mico de los programas de Ingeniero Agr\u00f3nomo y M\u00e9dico Veterinario Zootecnista de la Universidad de Sonora, obtuvo una de las doce becas otorgadas por la Universidad de las Naciones Unidas (UNU) para tomar el Curso Internacional en Escalamiento de Bioprocesos y Entrenamiento en la Operaci\u00f3n de Biorreactores.<\/p>\n\n\n\n<p class=\"wp-block-paragraph\">El curso, que se llev\u00f3 a cabo en Ensenada, Baja California, correspondiente al Programa de Biotecnolog\u00eda para Am\u00e9rica Latina y del Caribe (BIOLAC), dependiente de la UNU, cuyo objetivo es preparar y capacitar a profesionales en biotecnolog\u00eda mediante formaci\u00f3n especializada y desarrollo de capacidades.<\/p>\n\n\n\n<p class=\"wp-block-paragraph\">Las actividades se organizan en toda la regi\u00f3n de Am\u00e9rica Latina y el Caribe y se llevan a cabo en colaboraci\u00f3n con una red internacional de acad\u00e9micos e investigadores altamente cualificados y expertos en biotecnolog\u00eda.<\/p>\n\n\n\n<p class=\"wp-block-paragraph\">A decir de \u00c1lvarez Villa, en esta experiencia pudo colaborar con estudiantes de posgrado de diferentes universidades de Latinoam\u00e9rica que formaron parte del grupo de 12 seleccionados de entre m\u00e1s de 230 aspirantes. En su caso, represent\u00f3 al posgrado en Ciencias de la Ingenier\u00eda de la UNISON, una de las dos instituciones mexicanas que acudieron.<\/p>\n\n\n\n<p class=\"wp-block-paragraph\">\u201cEn el curso se consideraron los requerimientos para el escalado de un bioproceso, en mi trabajo de doctorado estudie microrganismo metalotolerantes aislados de la zona minera de Cananea, en los cuales estos microrganismos se pueden utilizar para lo que es captar metales como cobre y manganeso, los cuales se encuentran en altas concentraciones en zonas mineras debido a los derrames de \u00e1cido y contaminaci\u00f3n antropog\u00e9nica\u201d, precis\u00f3 \u00c1lvarez Villa.<\/p>\n\n\n\n<p class=\"wp-block-paragraph\">Su tesis de posgrado, la cual fue requisito para participar en este curso, cont\u00f3 con la asesor\u00eda de la profesora Maribel Plascencia, del Departamento de Investigaci\u00f3n y Posgrado en Alimentos; y Guadalupe L\u00f3pez y Javier Armend\u00e1riz, del Departamento de Ingenier\u00eda Qu\u00edmica.<\/p>\n\n\n\n<p class=\"wp-block-paragraph\">\u201cLa beca se trat\u00f3 de que yo fuera a Ensenada a aprender lo que son los par\u00e1metros de escalamiento para poder realizar una transferencia tecnol\u00f3gica a la industria. Se aprendi\u00f3 lo que son transferencia de ox\u00edgeno, agitaci\u00f3n, tama\u00f1o de las aspas. Todo lo que se debe considerar para llevar un escalamiento de laboratorio a nivel industrial\u201d, precis\u00f3 el acad\u00e9mico.<\/p>\n\n\n\n<p class=\"wp-block-paragraph\">La presentaci\u00f3n de su trabajo de investigaci\u00f3n y ser seleccionado para el curso le abre tambi\u00e9n la puerta para en un futuro aplicar a diferentes apoyos de nivel internacional con el fin de continuar con el proyecto de investigaci\u00f3n.<\/p>\n\n\n\n<p class=\"wp-block-paragraph\">El trabajo que lo hizo ser seleccionado para la beca, aislamiento de bacterias y levaduras de zonas mineras, fue aceptado debido a su alta capacidad para llevar a escalamiento y por su viabilidad para obtener metales mediante un proceso sustentable y biotecnolog\u00eda con la aplicaci\u00f3n de la Ingenier\u00eda Qu\u00edmica, de all\u00ed su importancia para el sector minero y ambiental.<\/p>\n\n\n\n<p class=\"wp-block-paragraph\">\u201cAl ser aislados de zonas donde hay altas concentraciones de metales, se encontr\u00f3 que tienen la capacidad de absorber cobre y manganeso, por lo cual tienen la funci\u00f3n de llevar a cabo su escalamiento a gran escala, como en biorreactores para lo que es captar cobre y manganeso de zonas contaminadas o tambi\u00e9n de relaves mineros. Estos microrganismos son clave en la transici\u00f3n energ\u00e9tica para obtener metales como cobre y manganeso\u201d, detall\u00f3 el investigador.<\/p>\n\n\n\n<p class=\"wp-block-paragraph\">\u00c1lvarez Villa imparte la materia de Bioestad\u00edstica I, en la que comparte con su alumnado sobre su trabajo, el cual ya se encuentra publicado en una revista de divulgaci\u00f3n internacional.<\/p>\n","protected":false},"excerpt":{"rendered":"<p>Hermosillo, Sonora a 31 de agosto de 2026.- Por su investigaci\u00f3n de gran impacto en el sector minero y ambiental, Alfonso \u00c1lvarez Villa, acad\u00e9mico de los programas de Ingeniero Agr\u00f3nomo y M\u00e9dico Veterinario Zootecnista de la Universidad de Sonora, obtuvo una de las doce becas otorgadas por la Universidad de las Naciones Unidas (UNU) para [&hellip;]<\/p>\n","protected":false},"author":4,"featured_media":33202,"comment_status":"open","ping_status":"open","sticky":false,"template":"","format":"standard","meta":{"footnotes":""},"categories":[40],"tags":[],"class_list":["post-33201","post","type-post","status-publish","format-standard","has-post-thumbnail","hentry","category-cienciaytecnologia"],"_links":{"self":[{"href":"https:\/\/elreporterodelacomunidad.com\/index.php\/wp-json\/wp\/v2\/posts\/33201","targetHints":{"allow":["GET"]}}],"collection":[{"href":"https:\/\/elreporterodelacomunidad.com\/index.php\/wp-json\/wp\/v2\/posts"}],"about":[{"href":"https:\/\/elreporterodelacomunidad.com\/index.php\/wp-json\/wp\/v2\/types\/post"}],"author":[{"embeddable":true,"href":"https:\/\/elreporterodelacomunidad.com\/index.php\/wp-json\/wp\/v2\/users\/4"}],"replies":[{"embeddable":true,"href":"https:\/\/elreporterodelacomunidad.com\/index.php\/wp-json\/wp\/v2\/comments?post=33201"}],"version-history":[{"count":1,"href":"https:\/\/elreporterodelacomunidad.com\/index.php\/wp-json\/wp\/v2\/posts\/33201\/revisions"}],"predecessor-version":[{"id":33203,"href":"https:\/\/elreporterodelacomunidad.com\/index.php\/wp-json\/wp\/v2\/posts\/33201\/revisions\/33203"}],"wp:featuredmedia":[{"embeddable":true,"href":"https:\/\/elreporterodelacomunidad.com\/index.php\/wp-json\/wp\/v2\/media\/33202"}],"wp:attachment":[{"href":"https:\/\/elreporterodelacomunidad.com\/index.php\/wp-json\/wp\/v2\/media?parent=33201"}],"wp:term":[{"taxonomy":"category","embeddable":true,"href":"https:\/\/elreporterodelacomunidad.com\/index.php\/wp-json\/wp\/v2\/categories?post=33201"},{"taxonomy":"post_tag","embeddable":true,"href":"https:\/\/elreporterodelacomunidad.com\/index.php\/wp-json\/wp\/v2\/tags?post=33201"}],"curies":[{"name":"wp","href":"https:\/\/api.w.org\/{rel}","templated":true}]}}