{"id":33197,"date":"2026-08-31T18:13:04","date_gmt":"2026-09-01T01:13:04","guid":{"rendered":"https:\/\/elreporterodelacomunidad.com\/?p=33197"},"modified":"2026-08-31T18:13:06","modified_gmt":"2026-09-01T01:13:06","slug":"tradicion-mestiza-de-la-unison-conquista-al-publico-de-illinois-con-la-fuerza-del-sonora-bronco","status":"publish","type":"post","link":"https:\/\/elreporterodelacomunidad.com\/index.php\/2026\/08\/31\/tradicion-mestiza-de-la-unison-conquista-al-publico-de-illinois-con-la-fuerza-del-sonora-bronco\/","title":{"rendered":"Tradici\u00f3n Mestiza de la Unison conquista al p\u00fablico de Illinois con la fuerza del Sonora bronco"},"content":{"rendered":"\n<p class=\"wp-block-paragraph\">La invitaci\u00f3n est\u00e1 abierta a estudiantes de nuevo ingreso, semestres avanzados o extra universitarios que deseen formar parte de la agrupaci\u00f3n.<\/p>\n\n\n\n<p class=\"wp-block-paragraph\">Hermosillo, Sonora a 31 de agosto de 2026.- La energ\u00eda, el ritmo y la identidad del Sonora bronco fueron algunos de los elementos que m\u00e1s llamaron la atenci\u00f3n del p\u00fablico durante la reciente gira por Illinois de la Compa\u00f1\u00eda de M\u00fasica Popular Mexicana Tradici\u00f3n Mestiza de la Universidad de Sonora, cuyos integrantes compartieron el folclor sonorense y mexicano en distintos escenarios de Chicago y Springfield, Estados Unidos.<\/p>\n\n\n\n<p class=\"wp-block-paragraph\">Bajo la direcci\u00f3n de Abel Rom\u00e1n Amador Rodr\u00edguez, acad\u00e9mico del Departamento de Bellas Artes, la agrupaci\u00f3n universitaria cumpli\u00f3 y super\u00f3 las expectativas de esta experiencia art\u00edstica, que adem\u00e1s de presentaciones, incluy\u00f3 talleres, convivencia e intercambio con agrupaciones de danza del estado de Illinois.<\/p>\n\n\n\n<p class=\"wp-block-paragraph\">\u201cNos fue muy bien, se cumplieron y se rebasaron las expectativas del trabajo que \u00edbamos a hacer all\u00e1, unos de los primeros encuentros fueron con el Ballet Folkl\u00f3rico de Chicago, agrupaci\u00f3n que recibi\u00f3 a los universitarios en su estudio de danza y con la que pudieron compartir experiencias en torno a la ejecuci\u00f3n y ense\u00f1anza del folclor mexicano\u201d, comparti\u00f3.<\/p>\n\n\n\n<p class=\"wp-block-paragraph\">Como parte de este intercambio se llev\u00f3 a cabo un taller que originalmente solo estaba contemplado para el Ballet Folkl\u00f3rico de Chicago, pero que la agrupaci\u00f3n anfitriona decidi\u00f3 abrir a otros colectivos de danza de la ciudad.<\/p>\n\n\n\n<p class=\"wp-block-paragraph\">Alrededor de 90 personas pertenecientes a distintos grupos y organizaciones participaron en esta actividad, y entre los asistentes estuvieron integrantes de agrupaciones universitarias y otros colectivos interesados en conocer y practicar parte del repertorio compartido por Tradici\u00f3n Mestiza.<\/p>\n\n\n\n<p class=\"wp-block-paragraph\">Amador Rodr\u00edguez subray\u00f3 que, para los estudiantes de la Universidad de Sonora, la experiencia represent\u00f3 tambi\u00e9n una oportunidad de aprendizaje y convivencia que trascendi\u00f3 el escenario, al referirse que los 14 integrantes del grupo representativo pudieron convivir directamente con los j\u00f3venes bailarines y ense\u00f1arles algunos elementos de la danza mexicana.<\/p>\n\n\n\n<p class=\"wp-block-paragraph\">Mencion\u00f3 que la gira tambi\u00e9n llev\u00f3 a Tradici\u00f3n Mestiza a una escuela preparatoria de Chicago, donde ofreci\u00f3 una presentaci\u00f3n ante una comunidad integrada no solamente por personas de origen mexicano, sino tambi\u00e9n por otros integrantes de la comunidad latina y estadounidenses, quienes recibieron con entusiasmo la propuesta art\u00edstica de los universitarios.<\/p>\n\n\n\n<p class=\"wp-block-paragraph\">\u201cEl momento central de la gira ocurri\u00f3 el domingo 23 de agosto en Springfield, capital de Illinois, durante la Feria Estatal de Illinois, donde Tradici\u00f3n Mestiza comparti\u00f3 escenario con el Ballet Folkl\u00f3rico de Chicago ante los asistentes a este importante encuentro\u201d.<\/p>\n\n\n\n<p class=\"wp-block-paragraph\">\u201cLa agrupaci\u00f3n de la Universidad de Sonora tuvo la oportunidad de cerrar su participaci\u00f3n con una muestra de m\u00fasica y baile de Sonora bronco, una presentaci\u00f3n que provoc\u00f3 una respuesta especialmente entusiasta del p\u00fablico\u201d, indic\u00f3.<\/p>\n\n\n\n<p class=\"wp-block-paragraph\">Amador Rodr\u00edguez resalt\u00f3 que este tipo de encuentros permite a los j\u00f3venes representar a la Universidad de Sonora desde una perspectiva art\u00edstica, pero tambi\u00e9n fortalecer v\u00ednculos con estudiantes y bailarines de otras instituciones y regiones.<\/p>\n\n\n\n<p class=\"wp-block-paragraph\">\u201cFue un viaje muy productivo, muy placentero, de mucho aprendizaje para todos y, sobre todo, de intercambio de nuestros alumnos universitarios de la Universidad de Sonora con bailarines del estado de Illinois, sobre todo de Chicago\u201d, apunt\u00f3.<\/p>\n\n\n\n<p class=\"wp-block-paragraph\">La gira, realizada del 17 al 23 de agosto, dej\u00f3 adem\u00e1s abierta la posibilidad de continuar fortaleciendo el intercambio cultural con el Ballet Folkl\u00f3rico de Chicago. La agrupaci\u00f3n sonorense extendi\u00f3 una invitaci\u00f3n para que sus integrantes puedan visitar Hermosillo y participar en futuros festivales y actividades culturales de la Universidad de Sonora.<\/p>\n\n\n\n<p class=\"wp-block-paragraph\">Por \u00faltimo, hizo una atenta invitaci\u00f3n a estudiantes de nuevo ingreso, semestres avanzados o extra universitarios que deseen formar parte de la agrupaci\u00f3n de Tradici\u00f3n Mestiza pueden llamar al n\u00famero 6622 44 70 71 para pedir m\u00e1s informaci\u00f3n sobre la recepci\u00f3n de nuevos integrantes.<\/p>\n\n\n\n<p class=\"has-text-align-center wp-block-paragraph\"><img loading=\"lazy\" decoding=\"async\" width=\"500\" height=\"375\" class=\"wp-image-33199\" style=\"width: 500px;\" src=\"https:\/\/elreporterodelacomunidad.com\/wp-content\/uploads\/2026\/08\/1e784d26-6076-45c6-9cc7-1a55676bcd45.jpg\" alt=\"\" srcset=\"https:\/\/elreporterodelacomunidad.com\/wp-content\/uploads\/2026\/08\/1e784d26-6076-45c6-9cc7-1a55676bcd45.jpg 1280w, https:\/\/elreporterodelacomunidad.com\/wp-content\/uploads\/2026\/08\/1e784d26-6076-45c6-9cc7-1a55676bcd45-300x225.jpg 300w, https:\/\/elreporterodelacomunidad.com\/wp-content\/uploads\/2026\/08\/1e784d26-6076-45c6-9cc7-1a55676bcd45-1024x768.jpg 1024w, https:\/\/elreporterodelacomunidad.com\/wp-content\/uploads\/2026\/08\/1e784d26-6076-45c6-9cc7-1a55676bcd45-768x576.jpg 768w, https:\/\/elreporterodelacomunidad.com\/wp-content\/uploads\/2026\/08\/1e784d26-6076-45c6-9cc7-1a55676bcd45-750x563.jpg 750w, https:\/\/elreporterodelacomunidad.com\/wp-content\/uploads\/2026\/08\/1e784d26-6076-45c6-9cc7-1a55676bcd45-1140x855.jpg 1140w\" sizes=\"auto, (max-width: 500px) 100vw, 500px\" \/><\/p>\n","protected":false},"excerpt":{"rendered":"<p>La invitaci\u00f3n est\u00e1 abierta a estudiantes de nuevo ingreso, semestres avanzados o extra universitarios que deseen formar parte de la agrupaci\u00f3n. Hermosillo, Sonora a 31 de agosto de 2026.- La energ\u00eda, el ritmo y la identidad del Sonora bronco fueron algunos de los elementos que m\u00e1s llamaron la atenci\u00f3n del p\u00fablico durante la reciente gira [&hellip;]<\/p>\n","protected":false},"author":4,"featured_media":33198,"comment_status":"open","ping_status":"open","sticky":false,"template":"","format":"standard","meta":{"footnotes":""},"categories":[31],"tags":[],"class_list":["post-33197","post","type-post","status-publish","format-standard","has-post-thumbnail","hentry","category-espectaculos"],"_links":{"self":[{"href":"https:\/\/elreporterodelacomunidad.com\/index.php\/wp-json\/wp\/v2\/posts\/33197","targetHints":{"allow":["GET"]}}],"collection":[{"href":"https:\/\/elreporterodelacomunidad.com\/index.php\/wp-json\/wp\/v2\/posts"}],"about":[{"href":"https:\/\/elreporterodelacomunidad.com\/index.php\/wp-json\/wp\/v2\/types\/post"}],"author":[{"embeddable":true,"href":"https:\/\/elreporterodelacomunidad.com\/index.php\/wp-json\/wp\/v2\/users\/4"}],"replies":[{"embeddable":true,"href":"https:\/\/elreporterodelacomunidad.com\/index.php\/wp-json\/wp\/v2\/comments?post=33197"}],"version-history":[{"count":1,"href":"https:\/\/elreporterodelacomunidad.com\/index.php\/wp-json\/wp\/v2\/posts\/33197\/revisions"}],"predecessor-version":[{"id":33200,"href":"https:\/\/elreporterodelacomunidad.com\/index.php\/wp-json\/wp\/v2\/posts\/33197\/revisions\/33200"}],"wp:featuredmedia":[{"embeddable":true,"href":"https:\/\/elreporterodelacomunidad.com\/index.php\/wp-json\/wp\/v2\/media\/33198"}],"wp:attachment":[{"href":"https:\/\/elreporterodelacomunidad.com\/index.php\/wp-json\/wp\/v2\/media?parent=33197"}],"wp:term":[{"taxonomy":"category","embeddable":true,"href":"https:\/\/elreporterodelacomunidad.com\/index.php\/wp-json\/wp\/v2\/categories?post=33197"},{"taxonomy":"post_tag","embeddable":true,"href":"https:\/\/elreporterodelacomunidad.com\/index.php\/wp-json\/wp\/v2\/tags?post=33197"}],"curies":[{"name":"wp","href":"https:\/\/api.w.org\/{rel}","templated":true}]}}