{"id":33194,"date":"2026-08-31T18:00:38","date_gmt":"2026-09-01T01:00:38","guid":{"rendered":"https:\/\/elreporterodelacomunidad.com\/?p=33194"},"modified":"2026-08-31T18:00:39","modified_gmt":"2026-09-01T01:00:39","slug":"promueve-itama-salud-preventiva-entre-jovenes-sujetos-a-una-medida-en-internamiento","status":"publish","type":"post","link":"https:\/\/elreporterodelacomunidad.com\/index.php\/2026\/08\/31\/promueve-itama-salud-preventiva-entre-jovenes-sujetos-a-una-medida-en-internamiento\/","title":{"rendered":"Promueve ITAMA salud preventiva entre j\u00f3venes sujetos a una medida en internamiento"},"content":{"rendered":"\n<p class=\"wp-block-paragraph\">Hermosillo, Sonora; 31 de agosto de 2026.- Para fortalecer el cuidado de la salud y promover estilos de vida saludables, el Instituto de Tratamiento y de Aplicaci\u00f3n de Medidas para Adolescentes (ITAMA) y autoridades del sector salud impulsan acciones encaminadas a prevenir enfermedades entre j\u00f3venes sujetos a una medida de internamiento.<\/p>\n\n\n\n<p class=\"wp-block-paragraph\">Por ser la salud un derecho de la poblaci\u00f3n que recibe un tratamiento para su reinserci\u00f3n social, ITAMA trabaja en transversalidad con autoridades de la Secretar\u00eda de Salud P\u00fablica (SSP), acercando jornadas de servicio en las que se prioriza la atenci\u00f3n m\u00e9dica preventiva.<\/p>\n\n\n\n<p class=\"wp-block-paragraph\">Para ello, se brind\u00f3 a los j\u00f3venes orientaci\u00f3n sobre la importancia de adoptar h\u00e1bitos saludables, identificar oportunamente factores de riesgo y prevenir enfermedades que pueden afectar su bienestar f\u00edsico y emocional.<\/p>\n\n\n\n<p class=\"wp-block-paragraph\">Personal del Distrito de Salud I en Hermosillo imparti\u00f3 a la poblaci\u00f3n del Centro ITAMA Hermosillo I pl\u00e1ticas informativas sobre:<\/p>\n\n\n\n<ul class=\"wp-block-list\">\n<li>H\u00e1bitos para una vida saludable<\/li>\n\n\n\n<li>Adicciones (consecuencias del abuso de sustancias)<\/li>\n\n\n\n<li>Prevenci\u00f3n del consumo de tabaco<\/li>\n\n\n\n<li>M\u00e9todos anticonceptivos<\/li>\n\n\n\n<li>Higiene bucal y correcto cepillado<\/li>\n<\/ul>\n\n\n\n<p class=\"wp-block-paragraph\">Al finalizar la jornada, ITAMA reconoci\u00f3 el compromiso del sector salud de garantizar acciones de prevenci\u00f3n de la salud para grupos prioritarios, favoreciendo el desarrollo integral de las juventudes y generando condiciones que contribuyan a una reintegraci\u00f3n social positiva.<\/p>\n","protected":false},"excerpt":{"rendered":"<p>Hermosillo, Sonora; 31 de agosto de 2026.- Para fortalecer el cuidado de la salud y promover estilos de vida saludables, el Instituto de Tratamiento y de Aplicaci\u00f3n de Medidas para Adolescentes (ITAMA) y autoridades del sector salud impulsan acciones encaminadas a prevenir enfermedades entre j\u00f3venes sujetos a una medida de internamiento. Por ser la salud [&hellip;]<\/p>\n","protected":false},"author":4,"featured_media":33195,"comment_status":"open","ping_status":"open","sticky":false,"template":"","format":"standard","meta":{"footnotes":""},"categories":[38],"tags":[],"class_list":["post-33194","post","type-post","status-publish","format-standard","has-post-thumbnail","hentry","category-salud"],"_links":{"self":[{"href":"https:\/\/elreporterodelacomunidad.com\/index.php\/wp-json\/wp\/v2\/posts\/33194","targetHints":{"allow":["GET"]}}],"collection":[{"href":"https:\/\/elreporterodelacomunidad.com\/index.php\/wp-json\/wp\/v2\/posts"}],"about":[{"href":"https:\/\/elreporterodelacomunidad.com\/index.php\/wp-json\/wp\/v2\/types\/post"}],"author":[{"embeddable":true,"href":"https:\/\/elreporterodelacomunidad.com\/index.php\/wp-json\/wp\/v2\/users\/4"}],"replies":[{"embeddable":true,"href":"https:\/\/elreporterodelacomunidad.com\/index.php\/wp-json\/wp\/v2\/comments?post=33194"}],"version-history":[{"count":1,"href":"https:\/\/elreporterodelacomunidad.com\/index.php\/wp-json\/wp\/v2\/posts\/33194\/revisions"}],"predecessor-version":[{"id":33196,"href":"https:\/\/elreporterodelacomunidad.com\/index.php\/wp-json\/wp\/v2\/posts\/33194\/revisions\/33196"}],"wp:featuredmedia":[{"embeddable":true,"href":"https:\/\/elreporterodelacomunidad.com\/index.php\/wp-json\/wp\/v2\/media\/33195"}],"wp:attachment":[{"href":"https:\/\/elreporterodelacomunidad.com\/index.php\/wp-json\/wp\/v2\/media?parent=33194"}],"wp:term":[{"taxonomy":"category","embeddable":true,"href":"https:\/\/elreporterodelacomunidad.com\/index.php\/wp-json\/wp\/v2\/categories?post=33194"},{"taxonomy":"post_tag","embeddable":true,"href":"https:\/\/elreporterodelacomunidad.com\/index.php\/wp-json\/wp\/v2\/tags?post=33194"}],"curies":[{"name":"wp","href":"https:\/\/api.w.org\/{rel}","templated":true}]}}