{"id":33191,"date":"2026-08-31T17:58:30","date_gmt":"2026-09-01T00:58:30","guid":{"rendered":"https:\/\/elreporterodelacomunidad.com\/?p=33191"},"modified":"2026-08-31T17:58:31","modified_gmt":"2026-09-01T00:58:31","slug":"mantiene-policia-estatal-acciones-contra-el-delito-con-aseguramientos-en-cajeme","status":"publish","type":"post","link":"https:\/\/elreporterodelacomunidad.com\/index.php\/2026\/08\/31\/mantiene-policia-estatal-acciones-contra-el-delito-con-aseguramientos-en-cajeme\/","title":{"rendered":"Mantiene Polic\u00eda Estatal acciones contra el delito con aseguramientos en Cajeme"},"content":{"rendered":"\n<p class=\"wp-block-paragraph\">Cajeme, Sonora; 31 de agosto de 2026.- Como parte de los despliegues permanentes para la prevenci\u00f3n y combate al delito en Cajeme, la Polic\u00eda Estatal de Seguridad P\u00fablica (PESP) asegur\u00f3 un arma de fuego, cartuchos y narc\u00f3tico durante patrullajes estrat\u00e9gicos en el municipio.<\/p>\n\n\n\n<p class=\"wp-block-paragraph\">En recorridos de vigilancia realizados en la colonia Misi\u00f3n del Sol 2, grupos operativos de la PESP localizaron y aseguraron un arma de fuego calibre 9 mm, nueve cartuchos \u00fatiles y diversos envoltorios con narc\u00f3tico.<\/p>\n\n\n\n<p class=\"wp-block-paragraph\">Durante la intervenci\u00f3n fueron asegurados 18 envoltorios con metanfetamina y 25 m\u00e1s que conten\u00edan hierba verde, indicios que quedaron a disposici\u00f3n del Ministerio P\u00fablico para las investigaciones correspondientes.<\/p>\n\n\n\n<p class=\"wp-block-paragraph\">La Polic\u00eda Estatal mantiene presencia operativa en Cajeme y municipios del sur de Sonora, fortaleciendo los patrullajes preventivos y las acciones coordinadas para combatir conductas delictivas y proteger a las familias.<\/p>\n\n\n\n<p class=\"wp-block-paragraph\">La participaci\u00f3n ciudadana es fundamental para fortalecer estas acciones. Se exhorta a la ciudadan\u00eda a realizar denuncias de manera an\u00f3nima al 089 y utilizar el 9-1-1 ante situaciones de emergencia.<\/p>\n","protected":false},"excerpt":{"rendered":"<p>Cajeme, Sonora; 31 de agosto de 2026.- Como parte de los despliegues permanentes para la prevenci\u00f3n y combate al delito en Cajeme, la Polic\u00eda Estatal de Seguridad P\u00fablica (PESP) asegur\u00f3 un arma de fuego, cartuchos y narc\u00f3tico durante patrullajes estrat\u00e9gicos en el municipio. En recorridos de vigilancia realizados en la colonia Misi\u00f3n del Sol 2, [&hellip;]<\/p>\n","protected":false},"author":1,"featured_media":33192,"comment_status":"open","ping_status":"open","sticky":false,"template":"","format":"standard","meta":{"footnotes":""},"categories":[32],"tags":[],"class_list":["post-33191","post","type-post","status-publish","format-standard","has-post-thumbnail","hentry","category-policiaca"],"_links":{"self":[{"href":"https:\/\/elreporterodelacomunidad.com\/index.php\/wp-json\/wp\/v2\/posts\/33191","targetHints":{"allow":["GET"]}}],"collection":[{"href":"https:\/\/elreporterodelacomunidad.com\/index.php\/wp-json\/wp\/v2\/posts"}],"about":[{"href":"https:\/\/elreporterodelacomunidad.com\/index.php\/wp-json\/wp\/v2\/types\/post"}],"author":[{"embeddable":true,"href":"https:\/\/elreporterodelacomunidad.com\/index.php\/wp-json\/wp\/v2\/users\/1"}],"replies":[{"embeddable":true,"href":"https:\/\/elreporterodelacomunidad.com\/index.php\/wp-json\/wp\/v2\/comments?post=33191"}],"version-history":[{"count":1,"href":"https:\/\/elreporterodelacomunidad.com\/index.php\/wp-json\/wp\/v2\/posts\/33191\/revisions"}],"predecessor-version":[{"id":33193,"href":"https:\/\/elreporterodelacomunidad.com\/index.php\/wp-json\/wp\/v2\/posts\/33191\/revisions\/33193"}],"wp:featuredmedia":[{"embeddable":true,"href":"https:\/\/elreporterodelacomunidad.com\/index.php\/wp-json\/wp\/v2\/media\/33192"}],"wp:attachment":[{"href":"https:\/\/elreporterodelacomunidad.com\/index.php\/wp-json\/wp\/v2\/media?parent=33191"}],"wp:term":[{"taxonomy":"category","embeddable":true,"href":"https:\/\/elreporterodelacomunidad.com\/index.php\/wp-json\/wp\/v2\/categories?post=33191"},{"taxonomy":"post_tag","embeddable":true,"href":"https:\/\/elreporterodelacomunidad.com\/index.php\/wp-json\/wp\/v2\/tags?post=33191"}],"curies":[{"name":"wp","href":"https:\/\/api.w.org\/{rel}","templated":true}]}}