{"id":33188,"date":"2026-08-31T17:56:51","date_gmt":"2026-09-01T00:56:51","guid":{"rendered":"https:\/\/elreporterodelacomunidad.com\/?p=33188"},"modified":"2026-08-31T17:56:52","modified_gmt":"2026-09-01T00:56:52","slug":"arranca-durazo-de-manera-exitosa-ciclo-escolar-con-entrega-de-uniformes-y-libros-de-texto-gratuitos","status":"publish","type":"post","link":"https:\/\/elreporterodelacomunidad.com\/index.php\/2026\/08\/31\/arranca-durazo-de-manera-exitosa-ciclo-escolar-con-entrega-de-uniformes-y-libros-de-texto-gratuitos\/","title":{"rendered":"Arranca Durazo de manera exitosa ciclo escolar con entrega de uniformes y libros de texto gratuitos"},"content":{"rendered":"\n<p class=\"wp-block-paragraph\">Se distribuyeron en tiempo y forma 430 mil paquetes de uniformes escolares gratuitos, con una inversi\u00f3n superior a los 322 millones de pesos.<\/p>\n\n\n\n<p class=\"wp-block-paragraph\">A partir del primer d\u00eda de clases se entregar\u00e1n m\u00e1s de 3 millones de Libros de Texto Gratuitos para la formaci\u00f3n de ni\u00f1as, ni\u00f1os y adolescentes.<\/p>\n\n\n\n<p class=\"wp-block-paragraph\">Hermosillo, Sonora; 31 de agosto de 2026.- Con el retorno a las aulas de m\u00e1s de 500 mil estudiantes de nivel b\u00e1sico, se dio con gran \u00e9xito el arranque del ciclo escolar 2026-2027 en Sonora, destac\u00f3 el gobernador Alfonso Durazo Monta\u00f1o, quien se\u00f1al\u00f3 que las clases se reanudaron de forma ordenada y con importantes apoyos, como uniformes gratuitos entregados, en beneficio del alumnado y sus familias.<\/p>\n\n\n\n<p class=\"wp-block-paragraph\">El mandatario estatal enfatiz\u00f3 que se distribuyeron en tiempo y forma 430 mil paquetes de uniformes escolares gratuitos, con una inversi\u00f3n superior a los 322 millones de pesos y a\u00f1adi\u00f3 que a partir del primer d\u00eda de clases se entregar\u00e1n m\u00e1s de 3 millones de Libros de Texto Gratuitos para la formaci\u00f3n de ni\u00f1as, ni\u00f1os y adolescentes.<\/p>\n\n\n\n<p class=\"wp-block-paragraph\">El mandatario estatal dese\u00f3 a la comunidad estudiantil un excelente regreso a las aulas y los motiv\u00f3 a poner todo su empe\u00f1o en este nuevo ciclo escolar, al asegurar que la educaci\u00f3n es la gran igualadora de las oportunidades y uno de los ejes rectores de su administraci\u00f3n.<\/p>\n\n\n\n<p class=\"wp-block-paragraph\">Por su parte, la encargada de Despacho de la Secretar\u00eda de Educaci\u00f3n y Cultura (SEC), Beatriz Cota Ponce, supervis\u00f3 el inicio del ciclo escolar en la primaria \u201cLeo Sandoval Saucedo\u201d, de Hermosillo, acompa\u00f1ada por autoridades estatales y federales, as\u00ed como dirigentes sindicales y representantes de los padres de familia.<\/p>\n\n\n\n<p class=\"wp-block-paragraph\">Refrend\u00f3 el compromiso del Gobierno de Sonora con la excelencia, la equidad y el bienestar de la comunidad educativa, as\u00ed como la instrucci\u00f3n del gobernador Durazo de continuar generando m\u00e1s y mejores oportunidades para las y los alumnos, adem\u00e1s de consolidar el acompa\u00f1amiento al magisterio para que la entidad siga siendo l\u00edder en educaci\u00f3n a nivel nacional.<\/p>\n\n\n\n<p class=\"wp-block-paragraph\">Para otorgar un servicio educativo de calidad, como lo merecen los sonorenses, se reforzaron los mecanismos de atenci\u00f3n ciudadana con los que cuenta la SEC, por lo que las personas podr\u00e1n reportar cualquier situaci\u00f3n espec\u00edfica a la L\u00ednea de la Educaci\u00f3n: 6622 89 76 01 al 05, as\u00ed como a los n\u00fameros de WhatsApp 6624592430 y 6623618642.<\/p>\n\n\n\n<p class=\"wp-block-paragraph\">Asimismo, por medio del chat en l\u00ednea, a trav\u00e9s de la p\u00e1gina educacion.sonora.gob.mx, y por el correo electr\u00f3nico <a href=\"mailto:atencionciudadana@sonora.edu.mx\">atencionciudadana@sonora.edu.mx<\/a>, la dependencia dar\u00e1 seguimiento puntual a los mensajes relacionados con la actividad educativa.<\/p>\n\n\n\n<p class=\"wp-block-paragraph\">Incrementan unidades de transporte este regreso a clases<\/p>\n\n\n\n<p class=\"wp-block-paragraph\">Con motivo del regreso a clases este lunes, Sonora prest\u00f3 el servicio de transporte p\u00fablico con mil 160 unidades, de las cuales 666 corresponden al sistema de transporte urbano y 320 al transporte suburbano y 174 unidades de movilidad escolar. Estas unidades brindan servicio en los principales municipios del estado, as\u00ed como en comunidades rurales y zonas serranas, con el objetivo de atender el incremento en la demanda de las personas usuarias.<\/p>\n\n\n\n<p class=\"wp-block-paragraph\">En Hermosillo operaron 345 unidades y en Ciudad Obreg\u00f3n 117, incluyendo las recientemente entregadas por el gobernador Alfonso Durazo Monta\u00f1o, como parte de las acciones para fortalecer y modernizar el transporte p\u00fablico en ambas ciudades, permitiendo un regreso a clases ordenado.<\/p>\n","protected":false},"excerpt":{"rendered":"<p>Se distribuyeron en tiempo y forma 430 mil paquetes de uniformes escolares gratuitos, con una inversi\u00f3n superior a los 322 millones de pesos. A partir del primer d\u00eda de clases se entregar\u00e1n m\u00e1s de 3 millones de Libros de Texto Gratuitos para la formaci\u00f3n de ni\u00f1as, ni\u00f1os y adolescentes. Hermosillo, Sonora; 31 de agosto de [&hellip;]<\/p>\n","protected":false},"author":4,"featured_media":33189,"comment_status":"open","ping_status":"open","sticky":false,"template":"","format":"standard","meta":{"footnotes":""},"categories":[36],"tags":[],"class_list":["post-33188","post","type-post","status-publish","format-standard","has-post-thumbnail","hentry","category-educacion"],"_links":{"self":[{"href":"https:\/\/elreporterodelacomunidad.com\/index.php\/wp-json\/wp\/v2\/posts\/33188","targetHints":{"allow":["GET"]}}],"collection":[{"href":"https:\/\/elreporterodelacomunidad.com\/index.php\/wp-json\/wp\/v2\/posts"}],"about":[{"href":"https:\/\/elreporterodelacomunidad.com\/index.php\/wp-json\/wp\/v2\/types\/post"}],"author":[{"embeddable":true,"href":"https:\/\/elreporterodelacomunidad.com\/index.php\/wp-json\/wp\/v2\/users\/4"}],"replies":[{"embeddable":true,"href":"https:\/\/elreporterodelacomunidad.com\/index.php\/wp-json\/wp\/v2\/comments?post=33188"}],"version-history":[{"count":1,"href":"https:\/\/elreporterodelacomunidad.com\/index.php\/wp-json\/wp\/v2\/posts\/33188\/revisions"}],"predecessor-version":[{"id":33190,"href":"https:\/\/elreporterodelacomunidad.com\/index.php\/wp-json\/wp\/v2\/posts\/33188\/revisions\/33190"}],"wp:featuredmedia":[{"embeddable":true,"href":"https:\/\/elreporterodelacomunidad.com\/index.php\/wp-json\/wp\/v2\/media\/33189"}],"wp:attachment":[{"href":"https:\/\/elreporterodelacomunidad.com\/index.php\/wp-json\/wp\/v2\/media?parent=33188"}],"wp:term":[{"taxonomy":"category","embeddable":true,"href":"https:\/\/elreporterodelacomunidad.com\/index.php\/wp-json\/wp\/v2\/categories?post=33188"},{"taxonomy":"post_tag","embeddable":true,"href":"https:\/\/elreporterodelacomunidad.com\/index.php\/wp-json\/wp\/v2\/tags?post=33188"}],"curies":[{"name":"wp","href":"https:\/\/api.w.org\/{rel}","templated":true}]}}