{"id":33182,"date":"2026-08-31T17:53:32","date_gmt":"2026-09-01T00:53:32","guid":{"rendered":"https:\/\/elreporterodelacomunidad.com\/?p=33182"},"modified":"2026-08-31T17:53:32","modified_gmt":"2026-09-01T00:53:32","slug":"invitan-a-jovenes-de-hermosillo-a-participar-en-el-premio-municipal-de-la-juventud-2026","status":"publish","type":"post","link":"https:\/\/elreporterodelacomunidad.com\/index.php\/2026\/08\/31\/invitan-a-jovenes-de-hermosillo-a-participar-en-el-premio-municipal-de-la-juventud-2026\/","title":{"rendered":"Invitan a j\u00f3venes de Hermosillo a participar en el Premio Municipal de la Juventud 2026"},"content":{"rendered":"\n<p class=\"wp-block-paragraph\">A trav\u00e9s del Instituto Hermosillense de la Juventud, el Gobierno Municipal, reconocer\u00e1 proyectos y acciones de j\u00f3venes de 12 a 29 a\u00f1os con reconocimientos y premios de 20 mil pesos.<\/p>\n\n\n\n<p class=\"wp-block-paragraph\">Hermosillo, Sonora; 31 de agosto de 2026.- El Instituto Hermosillense de la Juventud (IHJ) anunci\u00f3 la convocatoria para el Premio Municipal de la Juventud 2026, una iniciativa del Gobierno Municipal encabezado por Antonio Astiazar\u00e1n Guti\u00e9rrez para reconocer e impulsar proyectos que contribuyen a construir un mejor Hermosillo.<\/p>\n\n\n\n<p class=\"wp-block-paragraph\">El director del IHJ, Francisco Villaescusa, invit\u00f3 a j\u00f3venes de 12 a 29 a\u00f1os a participar y destac\u00f3 que este reconocimiento busca motivarlos a continuar desarrollando proyectos y acciones positivas desde sus comunidades.<\/p>\n\n\n\n<p class=\"wp-block-paragraph\">\u201cNo es el premio econ\u00f3mico el que te va a hacer hacerlo mejor, es darles a los j\u00f3venes el reconocimiento, el espacio, impulsarlos a que lo sigan haciendo. Todos estos j\u00f3venes que han pasado ya por el premio, ganadores o no ganadores, siguen siendo parte y siguen recibiendo el mismo apoyo\u201d, expres\u00f3.<\/p>\n\n\n\n<p class=\"wp-block-paragraph\">La convocatoria contempla dos categor\u00edas: Impulso, dirigida a j\u00f3venes de 12 a 19 a\u00f1os, y Trascendencia, para participantes de 20 a 29 a\u00f1os, con distintas \u00e1reas que reconocen talento, liderazgo, innovaci\u00f3n, inclusi\u00f3n y participaci\u00f3n juvenil.<\/p>\n\n\n\n<p class=\"wp-block-paragraph\">En Impulso se incluyen Talento Cient\u00edfico y Tecnol\u00f3gico, Sustentabilidad y Medio Ambiente, Inclusi\u00f3n y Discapacidad, Arte y Cultura, Creaci\u00f3n de Contenido y Logro Acad\u00e9mico, para reconocer las aportaciones de las juventudes m\u00e1s j\u00f3venes.<\/p>\n\n\n\n<p class=\"wp-block-paragraph\">La categor\u00eda Trascendencia contempla Liderazgo Ambiental, Impacto Digital, Innovaci\u00f3n Tecnol\u00f3gica, Acci\u00f3n Inclusiva, Expresi\u00f3n Art\u00edstica y Cultural, Identidad y Ra\u00edces, as\u00ed como Juventud Emprendedora.<\/p>\n\n\n\n<p class=\"wp-block-paragraph\">Las y los interesados podr\u00e1n postularse hasta el 8 de noviembre de 2026, mediante el c\u00f3digo QR y los enlaces disponibles en las cuentas oficiales del Instituto Hermosillense de la Juventud. Posteriormente, un grupo de jueces evaluar\u00e1 las propuestas y determinar\u00e1 a las personas ganadoras.<\/p>\n\n\n\n<p class=\"wp-block-paragraph\">Cada ganador o ganadora recibir\u00e1 un reconocimiento y un premio econ\u00f3mico de 20 mil pesos, como parte de esta iniciativa que busca visibilizar el talento juvenil, fortalecer sus proyectos y mantener el acompa\u00f1amiento del Gobierno Municipal a quienes trabajan por transformar positivamente Hermosillo.<\/p>\n","protected":false},"excerpt":{"rendered":"<p>A trav\u00e9s del Instituto Hermosillense de la Juventud, el Gobierno Municipal, reconocer\u00e1 proyectos y acciones de j\u00f3venes de 12 a 29 a\u00f1os con reconocimientos y premios de 20 mil pesos. Hermosillo, Sonora; 31 de agosto de 2026.- El Instituto Hermosillense de la Juventud (IHJ) anunci\u00f3 la convocatoria para el Premio Municipal de la Juventud 2026, [&hellip;]<\/p>\n","protected":false},"author":4,"featured_media":33183,"comment_status":"open","ping_status":"open","sticky":false,"template":"","format":"standard","meta":{"footnotes":""},"categories":[36],"tags":[],"class_list":["post-33182","post","type-post","status-publish","format-standard","has-post-thumbnail","hentry","category-educacion"],"_links":{"self":[{"href":"https:\/\/elreporterodelacomunidad.com\/index.php\/wp-json\/wp\/v2\/posts\/33182","targetHints":{"allow":["GET"]}}],"collection":[{"href":"https:\/\/elreporterodelacomunidad.com\/index.php\/wp-json\/wp\/v2\/posts"}],"about":[{"href":"https:\/\/elreporterodelacomunidad.com\/index.php\/wp-json\/wp\/v2\/types\/post"}],"author":[{"embeddable":true,"href":"https:\/\/elreporterodelacomunidad.com\/index.php\/wp-json\/wp\/v2\/users\/4"}],"replies":[{"embeddable":true,"href":"https:\/\/elreporterodelacomunidad.com\/index.php\/wp-json\/wp\/v2\/comments?post=33182"}],"version-history":[{"count":1,"href":"https:\/\/elreporterodelacomunidad.com\/index.php\/wp-json\/wp\/v2\/posts\/33182\/revisions"}],"predecessor-version":[{"id":33184,"href":"https:\/\/elreporterodelacomunidad.com\/index.php\/wp-json\/wp\/v2\/posts\/33182\/revisions\/33184"}],"wp:featuredmedia":[{"embeddable":true,"href":"https:\/\/elreporterodelacomunidad.com\/index.php\/wp-json\/wp\/v2\/media\/33183"}],"wp:attachment":[{"href":"https:\/\/elreporterodelacomunidad.com\/index.php\/wp-json\/wp\/v2\/media?parent=33182"}],"wp:term":[{"taxonomy":"category","embeddable":true,"href":"https:\/\/elreporterodelacomunidad.com\/index.php\/wp-json\/wp\/v2\/categories?post=33182"},{"taxonomy":"post_tag","embeddable":true,"href":"https:\/\/elreporterodelacomunidad.com\/index.php\/wp-json\/wp\/v2\/tags?post=33182"}],"curies":[{"name":"wp","href":"https:\/\/api.w.org\/{rel}","templated":true}]}}