{"id":33178,"date":"2026-08-31T17:52:06","date_gmt":"2026-09-01T00:52:06","guid":{"rendered":"https:\/\/elreporterodelacomunidad.com\/?p=33178"},"modified":"2026-08-31T17:52:07","modified_gmt":"2026-09-01T00:52:07","slug":"realiza-tono-astiazaran-donacion-de-equipo-de-computo-a-secundaria-9-arq-gustavo-f-aguilar-beltran-en-inicio-de-ciclo-escolar","status":"publish","type":"post","link":"https:\/\/elreporterodelacomunidad.com\/index.php\/2026\/08\/31\/realiza-tono-astiazaran-donacion-de-equipo-de-computo-a-secundaria-9-arq-gustavo-f-aguilar-beltran-en-inicio-de-ciclo-escolar\/","title":{"rendered":"Realiza To\u00f1o Astiazar\u00e1n donaci\u00f3n de equipo de c\u00f3mputo a secundaria 9, \u201cArq. Gustavo F. Aguilar Beltr\u00e1n\u201d en inicio de ciclo escolar"},"content":{"rendered":"\n<p class=\"wp-block-paragraph\">Durante la ceremonia del primer Lunes C\u00edvico con el que inici\u00f3 el nuevo ciclo escolar en este plantel de la colonia Tirocapes.<\/p>\n\n\n\n<p class=\"wp-block-paragraph\">Hermosillo, Sonora; 31 de agosto, 2026.- El presidente municipal Antonio Astiazar\u00e1n Guti\u00e9rrez entreg\u00f3 a la comunidad escolar de la secundaria n\u00famero 9, \u201cArquitecto Gustavo F. Aguilar Beltr\u00e1n\u201d, cinco computadoras y un contenedor para el acopio de tapitas pl\u00e1sticas en respuesta a una solicitud planteada en una visita previa al plantel.<\/p>\n\n\n\n<p class=\"wp-block-paragraph\">Ante m\u00e1s de 700 alumnas y alumnos y personal docente, To\u00f1o Astiazar\u00e1n comparti\u00f3 su entusiasmo por visitar por tercera ocasi\u00f3n este centro escolar y participar en su ceremonia de Lunes C\u00edvico con buenas noticias.<\/p>\n\n\n\n<p class=\"wp-block-paragraph\">\u201cQueridas amigas y amigos, quiero desearles a todas y todos ustedes un muy buen ciclo escolar, tienen una gran gestora en la presidenta de la Sociedad de Padres de familia, ya la vez pasada vinimos con pintura, vinimos con contenedores y hoy estamos haciendo entrega tambi\u00e9n de estas 5 computadoras que la vez pasada nos hab\u00edan pedido\u201d, explic\u00f3.<\/p>\n\n\n\n<p class=\"wp-block-paragraph\">Felicit\u00f3 a la comunidad escolar por asumir la cultura del reciclaje y asegur\u00f3 que el contenedor especial para el acopio de tapitas de botellas conlleva el compromiso del Gobierno Municipal de pasar peri\u00f3dicamente a recogerlas.<\/p>\n\n\n\n<p class=\"wp-block-paragraph\">Los recibieron en calidad de anfitrionas Cora Patricia Mora Serrano y la se\u00f1ora Martha Leticia Ramos Barrera, subdirectora y presidenta de la Sociedad de Padres de Familia del plantel, respectivamente.<\/p>\n\n\n\n<p class=\"wp-block-paragraph\">Acudieron a este encuentro el Comisario General de la Polic\u00eda Preventiva y Tr\u00e1nsito Municipal, Jes\u00fas Alonso Dur\u00f3n Monta\u00f1o; Sergio Pavlovich Escalante, director de Servicios P\u00fablicos Municipales; David Galv\u00e1n, coordinador CRECES en el sector y la regidora Dulce Robles, as\u00ed como mandos altos y medios de la corporaci\u00f3n policiaca.<\/p>\n\n\n\n<p class=\"has-text-align-center wp-block-paragraph\"><img loading=\"lazy\" decoding=\"async\" width=\"500\" height=\"333\" class=\"wp-image-33180\" style=\"width: 500px;\" src=\"https:\/\/elreporterodelacomunidad.com\/wp-content\/uploads\/2026\/08\/fd814586-d620-4500-ae86-d678f1a9cb09.jpg\" alt=\"\" srcset=\"https:\/\/elreporterodelacomunidad.com\/wp-content\/uploads\/2026\/08\/fd814586-d620-4500-ae86-d678f1a9cb09.jpg 1280w, https:\/\/elreporterodelacomunidad.com\/wp-content\/uploads\/2026\/08\/fd814586-d620-4500-ae86-d678f1a9cb09-300x200.jpg 300w, https:\/\/elreporterodelacomunidad.com\/wp-content\/uploads\/2026\/08\/fd814586-d620-4500-ae86-d678f1a9cb09-1024x682.jpg 1024w, https:\/\/elreporterodelacomunidad.com\/wp-content\/uploads\/2026\/08\/fd814586-d620-4500-ae86-d678f1a9cb09-768x512.jpg 768w, https:\/\/elreporterodelacomunidad.com\/wp-content\/uploads\/2026\/08\/fd814586-d620-4500-ae86-d678f1a9cb09-750x500.jpg 750w, https:\/\/elreporterodelacomunidad.com\/wp-content\/uploads\/2026\/08\/fd814586-d620-4500-ae86-d678f1a9cb09-1140x760.jpg 1140w\" sizes=\"auto, (max-width: 500px) 100vw, 500px\" \/><\/p>\n","protected":false},"excerpt":{"rendered":"<p>Durante la ceremonia del primer Lunes C\u00edvico con el que inici\u00f3 el nuevo ciclo escolar en este plantel de la colonia Tirocapes. Hermosillo, Sonora; 31 de agosto, 2026.- El presidente municipal Antonio Astiazar\u00e1n Guti\u00e9rrez entreg\u00f3 a la comunidad escolar de la secundaria n\u00famero 9, \u201cArquitecto Gustavo F. Aguilar Beltr\u00e1n\u201d, cinco computadoras y un contenedor para [&hellip;]<\/p>\n","protected":false},"author":4,"featured_media":33179,"comment_status":"open","ping_status":"open","sticky":false,"template":"","format":"standard","meta":{"footnotes":""},"categories":[34,26],"tags":[],"class_list":["post-33178","post","type-post","status-publish","format-standard","has-post-thumbnail","hentry","category-general","category-principal"],"_links":{"self":[{"href":"https:\/\/elreporterodelacomunidad.com\/index.php\/wp-json\/wp\/v2\/posts\/33178","targetHints":{"allow":["GET"]}}],"collection":[{"href":"https:\/\/elreporterodelacomunidad.com\/index.php\/wp-json\/wp\/v2\/posts"}],"about":[{"href":"https:\/\/elreporterodelacomunidad.com\/index.php\/wp-json\/wp\/v2\/types\/post"}],"author":[{"embeddable":true,"href":"https:\/\/elreporterodelacomunidad.com\/index.php\/wp-json\/wp\/v2\/users\/4"}],"replies":[{"embeddable":true,"href":"https:\/\/elreporterodelacomunidad.com\/index.php\/wp-json\/wp\/v2\/comments?post=33178"}],"version-history":[{"count":1,"href":"https:\/\/elreporterodelacomunidad.com\/index.php\/wp-json\/wp\/v2\/posts\/33178\/revisions"}],"predecessor-version":[{"id":33181,"href":"https:\/\/elreporterodelacomunidad.com\/index.php\/wp-json\/wp\/v2\/posts\/33178\/revisions\/33181"}],"wp:featuredmedia":[{"embeddable":true,"href":"https:\/\/elreporterodelacomunidad.com\/index.php\/wp-json\/wp\/v2\/media\/33179"}],"wp:attachment":[{"href":"https:\/\/elreporterodelacomunidad.com\/index.php\/wp-json\/wp\/v2\/media?parent=33178"}],"wp:term":[{"taxonomy":"category","embeddable":true,"href":"https:\/\/elreporterodelacomunidad.com\/index.php\/wp-json\/wp\/v2\/categories?post=33178"},{"taxonomy":"post_tag","embeddable":true,"href":"https:\/\/elreporterodelacomunidad.com\/index.php\/wp-json\/wp\/v2\/tags?post=33178"}],"curies":[{"name":"wp","href":"https:\/\/api.w.org\/{rel}","templated":true}]}}