{"id":33175,"date":"2026-08-31T17:48:22","date_gmt":"2026-09-01T00:48:22","guid":{"rendered":"https:\/\/elreporterodelacomunidad.com\/?p=33175"},"modified":"2026-08-31T17:48:23","modified_gmt":"2026-09-01T00:48:23","slug":"aprueba-cabildo-de-hermosillo-facilidades-para-regularizacion-de-negocios","status":"publish","type":"post","link":"https:\/\/elreporterodelacomunidad.com\/index.php\/2026\/08\/31\/aprueba-cabildo-de-hermosillo-facilidades-para-regularizacion-de-negocios\/","title":{"rendered":"Aprueba Cabildo de Hermosillo facilidades para regularizaci\u00f3n de negocios"},"content":{"rendered":"\n<p class=\"wp-block-paragraph\">En sesi\u00f3n ordinaria correspondiente al mes de agosto.<\/p>\n\n\n\n<p class=\"wp-block-paragraph\">Hermosillo, Sonora; 31 de agosto, 2026.- El Cabildo de Hermosillo aprob\u00f3 la continuidad del Programa Especial para el Incremento del Padr\u00f3n de Establecimientos Mercantiles y Regularizaci\u00f3n Simplificada de Tr\u00e1mites en el Municipio de Hermosillo, creado en 2025 por la administraci\u00f3n del presidente Antonio Astiazar\u00e1n Guti\u00e9rrez para incentivar la regularizaci\u00f3n de negocios en la localidad.<\/p>\n\n\n\n<p class=\"wp-block-paragraph\">La iniciativa municipal, que fue votada a favor por mayor\u00eda, impacta a emprendimientos peque\u00f1os que se establecieron e iniciaron operaciones antes de disposiciones y reglamentos de operaci\u00f3n y desarrollo urbano vigentes en la actualidad.<\/p>\n\n\n\n<p class=\"wp-block-paragraph\">El programa les otorga facilidades para la gesti\u00f3n de tr\u00e1mites como la licencia de funcionamiento y licencia de funcionamiento ambiental integral, flexibilizando requisitos como el de que cuenten con determinados cajones de estacionamiento, a la vez que se confirma que cuenten con orden, protocolos de seguridad para sus clientes, seguros y supervisi\u00f3n por parte de la autoridad municipal.<\/p>\n\n\n\n<p class=\"wp-block-paragraph\">En la sesi\u00f3n, fue aprobado un dictamen de la Comisi\u00f3n de Hacienda, Patrimonio y Cuenta P\u00fablica autorizando la contrataci\u00f3n a corto plazo de uno o varios cr\u00e9ditos u obligaciones quirografarios, hasta por 120 millones de pesos para dar liquidez al organismo operador Agua de Hermosillo (AGUAH) para conceptos como pago de aguinaldos y acciones necesarias para el abasto de agua en la ciudad.<\/p>\n\n\n\n<p class=\"wp-block-paragraph\">El plazo para el pago de dichos compromisos financieros no podr\u00e1 ser mayor a 12 meses, por lo que no se traducir\u00e1n en un adeudo heredado para la siguiente administraci\u00f3n municipal, adem\u00e1s de que ser\u00e1 cubierto con recursos propios del organismo.<\/p>\n\n\n\n<p class=\"wp-block-paragraph\">Se enmarcan en las vertientes de acci\u00f3n del programa integral CUIDA con que la administraci\u00f3n municipal abord\u00f3 la crisis h\u00eddrica por sequ\u00eda prolongada en Hermosillo, el cual incluy\u00f3 durante estos a\u00f1os acciones e inversiones por m\u00e1s de mil 500 millones de pesos en equipamiento y tecnolog\u00eda para la extracci\u00f3n, distribuci\u00f3n, medici\u00f3n y promoci\u00f3n de la cultura del cuidado del agua entre la poblaci\u00f3n.<\/p>\n\n\n\n<p class=\"wp-block-paragraph\">Se aprob\u00f3 en esta misma sesi\u00f3n la asignaci\u00f3n a favor del Instituto del Deporte de Hermosillo y del Sistema Municipal de Parques de Hermosillo, de 2 fracciones de terreno de la superficie total en la que se construye el complejo deportivo y recreativo C\u00e1rcamo H Cerro Colorado, para que cada organismo administre la que le corresponda y preste en \u00e9sta los servicios de su competencia.<\/p>\n\n\n\n<p class=\"wp-block-paragraph\">De la Comisi\u00f3n de Comercio y Espect\u00e1culos se autorizaron las anuencias municipales de Alcohol de 10 negocios, entre tiendas de autoservicios, restaurantes bares y expendios.<\/p>\n\n\n\n<p class=\"wp-block-paragraph\">El Cabildo en pleno vot\u00f3 a favor del otorgamiento de pensiones en beneficio de 20 trabajadoras y trabajadores, por conceptos de jubilaciones complementarias, vejez complementaria, una incapacidad permanente total de car\u00e1cter provisional por dos a\u00f1os complementaria, invalidez temporal por dos a\u00f1os y modificaci\u00f3n de un acuerdo aprobado el 27 de mayo de 2026.<\/p>\n\n\n\n<p class=\"wp-block-paragraph\">Qued\u00f3 aprobado en esta sesi\u00f3n el Reglamento para el Uso de los Centros Comunitarios (H\u00e1bitat) del municipio de Hermosillo y se dieron por aprobados los informes de actividades de DIF Municipal, Agua de Hermosillo (AGUAH) y el Instituto Municipal de Cultura y Arte (IMCA).<\/p>\n","protected":false},"excerpt":{"rendered":"<p>En sesi\u00f3n ordinaria correspondiente al mes de agosto. Hermosillo, Sonora; 31 de agosto, 2026.- El Cabildo de Hermosillo aprob\u00f3 la continuidad del Programa Especial para el Incremento del Padr\u00f3n de Establecimientos Mercantiles y Regularizaci\u00f3n Simplificada de Tr\u00e1mites en el Municipio de Hermosillo, creado en 2025 por la administraci\u00f3n del presidente Antonio Astiazar\u00e1n Guti\u00e9rrez para incentivar [&hellip;]<\/p>\n","protected":false},"author":4,"featured_media":33176,"comment_status":"open","ping_status":"open","sticky":false,"template":"","format":"standard","meta":{"footnotes":""},"categories":[34,26],"tags":[],"class_list":["post-33175","post","type-post","status-publish","format-standard","has-post-thumbnail","hentry","category-general","category-principal"],"_links":{"self":[{"href":"https:\/\/elreporterodelacomunidad.com\/index.php\/wp-json\/wp\/v2\/posts\/33175","targetHints":{"allow":["GET"]}}],"collection":[{"href":"https:\/\/elreporterodelacomunidad.com\/index.php\/wp-json\/wp\/v2\/posts"}],"about":[{"href":"https:\/\/elreporterodelacomunidad.com\/index.php\/wp-json\/wp\/v2\/types\/post"}],"author":[{"embeddable":true,"href":"https:\/\/elreporterodelacomunidad.com\/index.php\/wp-json\/wp\/v2\/users\/4"}],"replies":[{"embeddable":true,"href":"https:\/\/elreporterodelacomunidad.com\/index.php\/wp-json\/wp\/v2\/comments?post=33175"}],"version-history":[{"count":1,"href":"https:\/\/elreporterodelacomunidad.com\/index.php\/wp-json\/wp\/v2\/posts\/33175\/revisions"}],"predecessor-version":[{"id":33177,"href":"https:\/\/elreporterodelacomunidad.com\/index.php\/wp-json\/wp\/v2\/posts\/33175\/revisions\/33177"}],"wp:featuredmedia":[{"embeddable":true,"href":"https:\/\/elreporterodelacomunidad.com\/index.php\/wp-json\/wp\/v2\/media\/33176"}],"wp:attachment":[{"href":"https:\/\/elreporterodelacomunidad.com\/index.php\/wp-json\/wp\/v2\/media?parent=33175"}],"wp:term":[{"taxonomy":"category","embeddable":true,"href":"https:\/\/elreporterodelacomunidad.com\/index.php\/wp-json\/wp\/v2\/categories?post=33175"},{"taxonomy":"post_tag","embeddable":true,"href":"https:\/\/elreporterodelacomunidad.com\/index.php\/wp-json\/wp\/v2\/tags?post=33175"}],"curies":[{"name":"wp","href":"https:\/\/api.w.org\/{rel}","templated":true}]}}