{"id":33166,"date":"2026-08-30T18:25:40","date_gmt":"2026-08-31T01:25:40","guid":{"rendered":"https:\/\/elreporterodelacomunidad.com\/?p=33166"},"modified":"2026-08-30T18:25:41","modified_gmt":"2026-08-31T01:25:41","slug":"va-el-partido-verde-por-todo-en-sonora-rumbo-a-2027-maloro-acosta-llama-a-fortalecer-territorio-y-unidad","status":"publish","type":"post","link":"https:\/\/elreporterodelacomunidad.com\/index.php\/2026\/08\/30\/va-el-partido-verde-por-todo-en-sonora-rumbo-a-2027-maloro-acosta-llama-a-fortalecer-territorio-y-unidad\/","title":{"rendered":"Va el Partido Verde por todo en Sonora rumbo a 2027; Maloro Acosta llama a fortalecer territorio y unidad"},"content":{"rendered":"\n<p class=\"wp-block-paragraph\">Hermosillo, Sonora.\u2013 Con un llamado a demostrar nuevamente que en Sonora las grandes adversidades pueden convertirse en oportunidades, el Partido Verde Ecologista de M\u00e9xico (PVEM) celebr\u00f3 su Primera Reuni\u00f3n Plenaria Estatal de la nueva etapa, donde su delegado y secretario general en Sonora, Manuel Ignacio \u201cMaloro\u201d Acosta Guti\u00e9rrez, convoc\u00f3 a la estructura estatal a trabajar con, fuerza y de cara a 2027.<\/p>\n\n\n\n<p class=\"wp-block-paragraph\">Ante diputadas y diputados locales, dirigentes de comit\u00e9s municipales, regidoras, regidores y representantes de las distintas regiones del estado, afirm\u00f3 que el Verde \u201cest\u00e1 preparado para ser factor de unidad, crecer y construir una organizaci\u00f3n pol\u00edtica cercana, abierta e incluyente\u201d.<\/p>\n\n\n\n<p class=\"wp-block-paragraph\">Durante su mensaje, Acosta Guti\u00e9rrez destac\u00f3 que la historia de Sonora demuestra que los grandes desaf\u00edos pueden superarse cuando existe voluntad, organizaci\u00f3n y proyecto, tal y como se observa a trav\u00e9s del ejemplo del gobernador Alfonso Durazo<\/p>\n\n\n\n<p class=\"wp-block-paragraph\">El dirigente estatal llam\u00f3 defender ese legado y adaptar esa visi\u00f3n para enfrentar los retos actuales y construir un partido que no se limite a los procesos electorales, sino que tenga presencia permanente en las comunidades. Para ello plante\u00f3 como ejes de trabajo la planeaci\u00f3n, regionalizaci\u00f3n, activismo y di\u00e1logo ciudadano, con una estructura m\u00e1s horizontal en los 72 municipios. \u201cTodas las regiones, liderazgos y sectores deben tener voz y participaci\u00f3n en la construcci\u00f3n de la agenda estatal\u201d, precis\u00f3.<\/p>\n\n\n\n<p class=\"wp-block-paragraph\">En el encuentro, el secretario de Gobierno de Sonora, Adolfo Salazar Razo, destac\u00f3 que existen m\u00e1s coincidencias que diferencias entre quienes forman parte del proyecto de transformaci\u00f3n y reconoci\u00f3 la aportaci\u00f3n del Partido Verde al avance del estado. Se\u00f1al\u00f3 que Sonora atraviesa una etapa de transformaci\u00f3n con importantes resultados, pero tambi\u00e9n con grandes desaf\u00edos por delante, por lo que llam\u00f3 a mantener la unidad, la apertura y la inclusi\u00f3n.<\/p>\n\n\n\n<p class=\"wp-block-paragraph\">Asimismo, reconoci\u00f3 la nueva responsabilidad de Acosta Guti\u00e9rrez al frente del Verde, y afirm\u00f3 que el fortalecimiento del partido contribuye tambi\u00e9n al fortalecimiento del movimiento y de Sonora. \u201cEn el \u00e9xito del Verde est\u00e1 el \u00e9xito del movimiento y en el \u00e9xito del movimiento est\u00e1 el \u00e9xito de nuestro estado\u201d, expres\u00f3.<\/p>\n\n\n\n<p class=\"wp-block-paragraph\">Salazar Razo resalt\u00f3 la importancia de la participaci\u00f3n de mujeres y j\u00f3venes en la vida p\u00fablica, y reconoci\u00f3 el trabajo que se realiza desde la Oficina del Ejecutivo Estatal. Destac\u00f3 la coordinaci\u00f3n que existe entre las distintas \u00e1reas del Gobierno de Sonora y se\u00f1al\u00f3 que la madurez pol\u00edtica y el trabajo en equipo han sido fundamentales para avanzar en la agenda de transformaci\u00f3n impulsada por el gobernador Durazo.<\/p>\n\n\n\n<p class=\"wp-block-paragraph\">Por su parte, Paulina Oca\u00f1a Encinas, jefa de la Oficina del Ejecutivo Estatal, puntualiz\u00f3 que la verdadera pol\u00edtica y el servicio p\u00fablico deben construirse a ras de suelo, escuchando directamente a la ciudadan\u00eda y llevando las soluciones hasta donde se encuentran las familias. Explic\u00f3 que un gobierno cercano no puede limitarse a atender desde un escritorio, sino que debe recorrer los 72 municipios, conocer las necesidades de cada sector y regresar a las oficinas para convertir esas demandas en acciones concretas. \u201cNunca va a ser suficiente mientras haya alguien que necesite de su gobierno\u201d, afirm\u00f3.<\/p>\n\n\n\n<p class=\"wp-block-paragraph\">Oca\u00f1a Encinas record\u00f3 los avances alcanzados durante la administraci\u00f3n de Alfonso Durazo, particularmente en educaci\u00f3n, becas, salud, infraestructura y energ\u00edas limpias, pero puso especial \u00e9nfasis en que uno de los mayores logros ha sido recuperar la confianza de la ciudadan\u00eda en su gobierno.<\/p>\n\n\n\n<p class=\"wp-block-paragraph\">Consider\u00f3 que obras, programas e inversiones adquieren verdadero sentido cuando se traducen en mejores condiciones de vida para las personas.<\/p>\n\n\n\n<p class=\"wp-block-paragraph\">A su vez, Omar del Valle Colosio destac\u00f3 el respaldo de la estructura del Partido Verde durante sus recorridos por 24 municipios, donde realiz\u00f3 m\u00e1s de 200 actividades y escuch\u00f3 de primera mano a las familias sonorenses. Por ello, afirm\u00f3 que la grandeza de Sonora se construye desde cada una de sus regiones y que el Partido Verde est\u00e1 preparado para aportar una voz propia, con presencia territorial y propuestas que pongan el bienestar de la gente por delante.<\/p>\n\n\n\n<p class=\"wp-block-paragraph\">En su calidad de aspirante a la Coordinaci\u00f3n Estatal para la Defensa de la Cuarta Transformaci\u00f3n y la Soberan\u00eda Nacional en Sonora, reiter\u00f3 su compromiso de seguir recorriendo el estado, escuchando y construyendo consensos.<\/p>\n\n\n\n<p class=\"wp-block-paragraph\">Durante la plenaria tambi\u00e9n participaron la diputada federal y secretaria de la Mujer del CEN, Nayeli Fern\u00e1ndez Cruz; el diputado local y coordinador de la EcoBancada, David Figueroa Ortega; y el secretario nacional de J\u00f3venes del CEN, Rafael Sarmiento Guti\u00e9rrez, quienes coincidieron en la importancia de fortalecer la presencia territorial del Partido Verde, ampliar la participaci\u00f3n de mujeres y j\u00f3venes y consolidar una agenda de propuestas para Sonora.<\/p>\n\n\n\n<p class=\"wp-block-paragraph\">Con este encuentro, el PVEM Sonora inici\u00f3 una nueva etapa bajo una premisa que resume el esp\u00edritu de la plenaria: si el pueblo sonorense ha sido capaz de vencer grandes adversidades, tambi\u00e9n puede hacerlo frente a los retos del presente, y construir, desde el territorio, la unidad y la participaci\u00f3n ciudadana, el futuro que merece.<\/p>\n","protected":false},"excerpt":{"rendered":"<p>Hermosillo, Sonora.\u2013 Con un llamado a demostrar nuevamente que en Sonora las grandes adversidades pueden convertirse en oportunidades, el Partido Verde Ecologista de M\u00e9xico (PVEM) celebr\u00f3 su Primera Reuni\u00f3n Plenaria Estatal de la nueva etapa, donde su delegado y secretario general en Sonora, Manuel Ignacio \u201cMaloro\u201d Acosta Guti\u00e9rrez, convoc\u00f3 a la estructura estatal a trabajar [&hellip;]<\/p>\n","protected":false},"author":4,"featured_media":33167,"comment_status":"open","ping_status":"open","sticky":false,"template":"","format":"standard","meta":{"footnotes":""},"categories":[39],"tags":[],"class_list":["post-33166","post","type-post","status-publish","format-standard","has-post-thumbnail","hentry","category-politica"],"_links":{"self":[{"href":"https:\/\/elreporterodelacomunidad.com\/index.php\/wp-json\/wp\/v2\/posts\/33166","targetHints":{"allow":["GET"]}}],"collection":[{"href":"https:\/\/elreporterodelacomunidad.com\/index.php\/wp-json\/wp\/v2\/posts"}],"about":[{"href":"https:\/\/elreporterodelacomunidad.com\/index.php\/wp-json\/wp\/v2\/types\/post"}],"author":[{"embeddable":true,"href":"https:\/\/elreporterodelacomunidad.com\/index.php\/wp-json\/wp\/v2\/users\/4"}],"replies":[{"embeddable":true,"href":"https:\/\/elreporterodelacomunidad.com\/index.php\/wp-json\/wp\/v2\/comments?post=33166"}],"version-history":[{"count":1,"href":"https:\/\/elreporterodelacomunidad.com\/index.php\/wp-json\/wp\/v2\/posts\/33166\/revisions"}],"predecessor-version":[{"id":33168,"href":"https:\/\/elreporterodelacomunidad.com\/index.php\/wp-json\/wp\/v2\/posts\/33166\/revisions\/33168"}],"wp:featuredmedia":[{"embeddable":true,"href":"https:\/\/elreporterodelacomunidad.com\/index.php\/wp-json\/wp\/v2\/media\/33167"}],"wp:attachment":[{"href":"https:\/\/elreporterodelacomunidad.com\/index.php\/wp-json\/wp\/v2\/media?parent=33166"}],"wp:term":[{"taxonomy":"category","embeddable":true,"href":"https:\/\/elreporterodelacomunidad.com\/index.php\/wp-json\/wp\/v2\/categories?post=33166"},{"taxonomy":"post_tag","embeddable":true,"href":"https:\/\/elreporterodelacomunidad.com\/index.php\/wp-json\/wp\/v2\/tags?post=33166"}],"curies":[{"name":"wp","href":"https:\/\/api.w.org\/{rel}","templated":true}]}}