{"id":33163,"date":"2026-08-30T18:21:21","date_gmt":"2026-08-31T01:21:21","guid":{"rendered":"https:\/\/elreporterodelacomunidad.com\/?p=33163"},"modified":"2026-08-30T18:21:21","modified_gmt":"2026-08-31T01:21:21","slug":"recibira-cobach-sonora-a-30-mil-estudiantes-en-el-inicio-de-clases","status":"publish","type":"post","link":"https:\/\/elreporterodelacomunidad.com\/index.php\/2026\/08\/30\/recibira-cobach-sonora-a-30-mil-estudiantes-en-el-inicio-de-clases\/","title":{"rendered":"Recibir\u00e1 Cobach Sonora a 30 mil estudiantes en el inicio de clases"},"content":{"rendered":"\n<p class=\"wp-block-paragraph\">Hermosillo, Sonora; 30 de agosto de 2026.- El Gobierno de Sonora, a trav\u00e9s del Colegio de Bachilleres del Estado de Sonora (Cobach), recibir\u00e1 a 30 mil estudiantes que este lunes 31 de agosto entrar\u00e1n a clases para iniciar de manera formal el ciclo escolar 2026-2027 en los 30 planteles del subsistema educativo en la entidad.<\/p>\n\n\n\n<p class=\"wp-block-paragraph\">Las aulas est\u00e1n listas y el personal docente se encuentra preparado para recibir al alumnado en el arranque de actividades escolares, entre ellos, cerca de 11 mil alumnos de nuevo ingreso que asistieron a los cursos de inducci\u00f3n y proped\u00e9uticos, realizados previamente del 24 al 28 de agosto.<\/p>\n\n\n\n<p class=\"wp-block-paragraph\">De acuerdo con lo programado en el calendario escolar del Cobach, indic\u00f3 el directivo, el semestre non inicia el 31 de agosto y finaliza el 15 de diciembre, mientras que el \u00faltimo d\u00eda de clases y los ex\u00e1menes parciales se llevar\u00e1n a cabo los d\u00edas 16, 17 y 18 del mismo mes.<\/p>\n\n\n\n<p class=\"wp-block-paragraph\">El siguiente semestre, llamado par, de dicho ciclo escolar iniciar\u00e1 el 2 de febrero de 2027 y terminar\u00e1 el 7 de junio del mismo a\u00f1o, con los ex\u00e1menes del tercer parcial final, que se aplicar\u00e1n los d\u00edas 8, 9 y 10 de ese mes.<\/p>\n\n\n\n<p class=\"wp-block-paragraph\">Directivos y docentes est\u00e1n preparados para recibir a los estudiantes, adem\u00e1s de que ya se realizaron reuniones de la Comunidad del Aprendizaje y las jornadas de preparaci\u00f3n acad\u00e9mica con el personal involucrado.<\/p>\n","protected":false},"excerpt":{"rendered":"<p>Hermosillo, Sonora; 30 de agosto de 2026.- El Gobierno de Sonora, a trav\u00e9s del Colegio de Bachilleres del Estado de Sonora (Cobach), recibir\u00e1 a 30 mil estudiantes que este lunes 31 de agosto entrar\u00e1n a clases para iniciar de manera formal el ciclo escolar 2026-2027 en los 30 planteles del subsistema educativo en la entidad. [&hellip;]<\/p>\n","protected":false},"author":4,"featured_media":33164,"comment_status":"open","ping_status":"open","sticky":false,"template":"","format":"standard","meta":{"footnotes":""},"categories":[36],"tags":[],"class_list":["post-33163","post","type-post","status-publish","format-standard","has-post-thumbnail","hentry","category-educacion"],"_links":{"self":[{"href":"https:\/\/elreporterodelacomunidad.com\/index.php\/wp-json\/wp\/v2\/posts\/33163","targetHints":{"allow":["GET"]}}],"collection":[{"href":"https:\/\/elreporterodelacomunidad.com\/index.php\/wp-json\/wp\/v2\/posts"}],"about":[{"href":"https:\/\/elreporterodelacomunidad.com\/index.php\/wp-json\/wp\/v2\/types\/post"}],"author":[{"embeddable":true,"href":"https:\/\/elreporterodelacomunidad.com\/index.php\/wp-json\/wp\/v2\/users\/4"}],"replies":[{"embeddable":true,"href":"https:\/\/elreporterodelacomunidad.com\/index.php\/wp-json\/wp\/v2\/comments?post=33163"}],"version-history":[{"count":1,"href":"https:\/\/elreporterodelacomunidad.com\/index.php\/wp-json\/wp\/v2\/posts\/33163\/revisions"}],"predecessor-version":[{"id":33165,"href":"https:\/\/elreporterodelacomunidad.com\/index.php\/wp-json\/wp\/v2\/posts\/33163\/revisions\/33165"}],"wp:featuredmedia":[{"embeddable":true,"href":"https:\/\/elreporterodelacomunidad.com\/index.php\/wp-json\/wp\/v2\/media\/33164"}],"wp:attachment":[{"href":"https:\/\/elreporterodelacomunidad.com\/index.php\/wp-json\/wp\/v2\/media?parent=33163"}],"wp:term":[{"taxonomy":"category","embeddable":true,"href":"https:\/\/elreporterodelacomunidad.com\/index.php\/wp-json\/wp\/v2\/categories?post=33163"},{"taxonomy":"post_tag","embeddable":true,"href":"https:\/\/elreporterodelacomunidad.com\/index.php\/wp-json\/wp\/v2\/tags?post=33163"}],"curies":[{"name":"wp","href":"https:\/\/api.w.org\/{rel}","templated":true}]}}