{"id":33153,"date":"2026-08-30T18:03:34","date_gmt":"2026-08-31T01:03:34","guid":{"rendered":"https:\/\/elreporterodelacomunidad.com\/?p=33153"},"modified":"2026-08-30T18:03:35","modified_gmt":"2026-08-31T01:03:35","slug":"invita-gobierno-de-hermosillo-a-comerciantes-a-tramitar-permiso-para-vender-durante-las-fiestas-patrias","status":"publish","type":"post","link":"https:\/\/elreporterodelacomunidad.com\/index.php\/2026\/08\/30\/invita-gobierno-de-hermosillo-a-comerciantes-a-tramitar-permiso-para-vender-durante-las-fiestas-patrias\/","title":{"rendered":"Invita Gobierno de Hermosillo a comerciantes a tramitar permiso para vender durante las Fiestas Patrias"},"content":{"rendered":"\n<p class=\"wp-block-paragraph\">El Gobierno Municipal, a trav\u00e9s de Inspecci\u00f3n y Vigilancia, abri\u00f3 la recepci\u00f3n de solicitudes para comerciantes que participar\u00e1n en las celebraciones del 14 y 15 de septiembre.<\/p>\n\n\n\n<p class=\"wp-block-paragraph\">Hermosillo, Sonora; 30 de agosto, 2026.- El Gobierno Municipal, a trav\u00e9s de la Direcci\u00f3n General de Inspecci\u00f3n y Vigilancia, invita a comerciantes interesados en participar durante las Fiestas Patrias a realizar el tr\u00e1mite correspondiente para obtener su permiso.<\/p>\n\n\n\n<p class=\"wp-block-paragraph\">La titular de la dependencia, Lisette L\u00f3pez God\u00ednez, inform\u00f3 que la recepci\u00f3n de solicitudes permanecer\u00e1 abierta hasta el pr\u00f3ximo 11 de septiembre, con el prop\u00f3sito de regular la instalaci\u00f3n de comerciantes y contribuir a que las celebraciones se desarrollen de manera ordenada, segura y con un adecuado uso de los espacios p\u00fablicos.<\/p>\n\n\n\n<p class=\"wp-block-paragraph\">Entre los requisitos para solicitar la autorizaci\u00f3n se encuentran presentar solicitud de permiso, identificaci\u00f3n oficial vigente, definici\u00f3n del giro comercial, pago de los derechos correspondientes y cumplimiento de las medidas de Protecci\u00f3n Civil.<\/p>\n\n\n\n<p class=\"wp-block-paragraph\">Los giros que pueden solicitar autorizaci\u00f3n incluyen a la venta de aguas frescas, art\u00edculos patrios, artesan\u00edas, ropa t\u00edpica, alimentos y antojitos mexicanos, as\u00ed como elotes, dulces t\u00edpicos, nieve de garrafa, postres, banderillas, brochetas, tacos de carne asada, burros, quesadillas y hot dogs, entre otros.<\/p>\n\n\n\n<p class=\"wp-block-paragraph\">Como parte de las condiciones de seguridad, los comerciantes deber\u00e1n atender las disposiciones relacionadas con el manejo adecuado de gas y electricidad, contar con extintores cuando corresponda, mantener condiciones de higiene en la preparaci\u00f3n de alimentos, conservar limpio el espacio autorizado y respetar las rutas de emergencia, as\u00ed como los horarios y dimensiones establecidos.<\/p>\n\n\n\n<p class=\"wp-block-paragraph\">Las personas interesadas pueden acudir a las oficinas de la Direcci\u00f3n General de Inspecci\u00f3n y Vigilancia ubicadas en Calle 20 de Noviembre #104, Colonia Country Club, Parque La Ruina, para realizar el tr\u00e1mite. Para mayores informes est\u00e1 disponible el tel\u00e9fono (662) 289 3238, adem\u00e1s de la l\u00ednea 072 y la aplicaci\u00f3n Hermosillo Gob.<\/p>\n\n\n\n<p class=\"wp-block-paragraph\">El Gobierno Municipal exhort\u00f3 a las y los comerciantes a realizar el procedimiento con anticipaci\u00f3n y cumplir con los requisitos establecidos para contribuir a unas Fiestas Patrias ordenadas y seguras para todas las familias.<\/p>\n\n\n\n<p class=\"has-text-align-center wp-block-paragraph\"><img loading=\"lazy\" decoding=\"async\" width=\"500\" height=\"625\" class=\"wp-image-33154\" style=\"width: 500px;\" src=\"https:\/\/elreporterodelacomunidad.com\/wp-content\/uploads\/2026\/08\/e4f5925b-8580-4d8d-bef7-e6d7985c0433.jpg\" alt=\"\" srcset=\"https:\/\/elreporterodelacomunidad.com\/wp-content\/uploads\/2026\/08\/e4f5925b-8580-4d8d-bef7-e6d7985c0433.jpg 1024w, https:\/\/elreporterodelacomunidad.com\/wp-content\/uploads\/2026\/08\/e4f5925b-8580-4d8d-bef7-e6d7985c0433-240x300.jpg 240w, https:\/\/elreporterodelacomunidad.com\/wp-content\/uploads\/2026\/08\/e4f5925b-8580-4d8d-bef7-e6d7985c0433-819x1024.jpg 819w, https:\/\/elreporterodelacomunidad.com\/wp-content\/uploads\/2026\/08\/e4f5925b-8580-4d8d-bef7-e6d7985c0433-768x960.jpg 768w, https:\/\/elreporterodelacomunidad.com\/wp-content\/uploads\/2026\/08\/e4f5925b-8580-4d8d-bef7-e6d7985c0433-750x938.jpg 750w\" sizes=\"auto, (max-width: 500px) 100vw, 500px\" \/><\/p>\n","protected":false},"excerpt":{"rendered":"<p>El Gobierno Municipal, a trav\u00e9s de Inspecci\u00f3n y Vigilancia, abri\u00f3 la recepci\u00f3n de solicitudes para comerciantes que participar\u00e1n en las celebraciones del 14 y 15 de septiembre. Hermosillo, Sonora; 30 de agosto, 2026.- El Gobierno Municipal, a trav\u00e9s de la Direcci\u00f3n General de Inspecci\u00f3n y Vigilancia, invita a comerciantes interesados en participar durante las Fiestas [&hellip;]<\/p>\n","protected":false},"author":4,"featured_media":33155,"comment_status":"open","ping_status":"open","sticky":false,"template":"","format":"standard","meta":{"footnotes":""},"categories":[42],"tags":[],"class_list":["post-33153","post","type-post","status-publish","format-standard","has-post-thumbnail","hentry","category-economia"],"_links":{"self":[{"href":"https:\/\/elreporterodelacomunidad.com\/index.php\/wp-json\/wp\/v2\/posts\/33153","targetHints":{"allow":["GET"]}}],"collection":[{"href":"https:\/\/elreporterodelacomunidad.com\/index.php\/wp-json\/wp\/v2\/posts"}],"about":[{"href":"https:\/\/elreporterodelacomunidad.com\/index.php\/wp-json\/wp\/v2\/types\/post"}],"author":[{"embeddable":true,"href":"https:\/\/elreporterodelacomunidad.com\/index.php\/wp-json\/wp\/v2\/users\/4"}],"replies":[{"embeddable":true,"href":"https:\/\/elreporterodelacomunidad.com\/index.php\/wp-json\/wp\/v2\/comments?post=33153"}],"version-history":[{"count":1,"href":"https:\/\/elreporterodelacomunidad.com\/index.php\/wp-json\/wp\/v2\/posts\/33153\/revisions"}],"predecessor-version":[{"id":33156,"href":"https:\/\/elreporterodelacomunidad.com\/index.php\/wp-json\/wp\/v2\/posts\/33153\/revisions\/33156"}],"wp:featuredmedia":[{"embeddable":true,"href":"https:\/\/elreporterodelacomunidad.com\/index.php\/wp-json\/wp\/v2\/media\/33155"}],"wp:attachment":[{"href":"https:\/\/elreporterodelacomunidad.com\/index.php\/wp-json\/wp\/v2\/media?parent=33153"}],"wp:term":[{"taxonomy":"category","embeddable":true,"href":"https:\/\/elreporterodelacomunidad.com\/index.php\/wp-json\/wp\/v2\/categories?post=33153"},{"taxonomy":"post_tag","embeddable":true,"href":"https:\/\/elreporterodelacomunidad.com\/index.php\/wp-json\/wp\/v2\/tags?post=33153"}],"curies":[{"name":"wp","href":"https:\/\/api.w.org\/{rel}","templated":true}]}}