{"id":33150,"date":"2026-08-30T17:50:36","date_gmt":"2026-08-31T00:50:36","guid":{"rendered":"https:\/\/elreporterodelacomunidad.com\/?p=33150"},"modified":"2026-08-30T17:50:36","modified_gmt":"2026-08-31T00:50:36","slug":"mantiene-ayuntamiento-de-hermosillo-jornadas-gratuitas-de-castracion-para-perros-y-gatos","status":"publish","type":"post","link":"https:\/\/elreporterodelacomunidad.com\/index.php\/2026\/08\/30\/mantiene-ayuntamiento-de-hermosillo-jornadas-gratuitas-de-castracion-para-perros-y-gatos\/","title":{"rendered":"Mantiene Ayuntamiento de Hermosillo jornadas gratuitas de castraci\u00f3n para perros y gatos"},"content":{"rendered":"\n<p class=\"wp-block-paragraph\">Se realizar\u00e1n el 1, 2 y 4 de septiembre, por personal del Instituto Municipal de Protecci\u00f3n y Bienestar Animal; es necesario agendar cita v\u00eda WhatsApp.<\/p>\n\n\n\n<p class=\"wp-block-paragraph\">Hermosillo, Sonora; 30 de agosto, 2026.- El Ayuntamiento de Hermosillo, a trav\u00e9s del Instituto Municipal de Protecci\u00f3n y Bienestar Animal (IMPBA) invita a participar en las jornadas gratuitas de castraci\u00f3n para animales de compa\u00f1\u00eda caninos y felinos que se realizar\u00e1n a inicios de septiembre como parte de las acciones que promueven su bienestar y la tenencia responsable.<\/p>\n\n\n\n<p class=\"wp-block-paragraph\">Las primeras intervenciones de la semana se llevar\u00e1n a cabo el martes 1 de septiembre en el parque Tres Pinos, que se localiza en calle Tres Pinos, entre Escal\u00f3n y calle San Joaqu\u00edn, en la privada Santa Clara.<\/p>\n\n\n\n<p class=\"wp-block-paragraph\">El d\u00eda siguiente, mi\u00e9rcoles 2 de septiembre, el personal m\u00e9dico del IMPBA atender\u00e1 a los animalitos agendados en la Plaza de la Solidaridad, ubicada en calle Ni\u00f1os H\u00e9roes, casi esquina con bulevar Vild\u00f3sola, a un costado de la Comandancia Sur, en la colonia Pedregal de la Villa.<\/p>\n\n\n\n<p class=\"wp-block-paragraph\">Para el viernes 4 de septiembre, la jornada de castraciones ser\u00e1 en Real del 14, en Carretera 26, kil\u00f3metro 14, en la caseta de entrada al desarrollo campestre, enseguida de Caf\u00e9 Quiriego.<\/p>\n\n\n\n<p class=\"wp-block-paragraph\">En todos los casos las cirug\u00edas iniciar\u00e1n a las 9:00 horas.<\/p>\n\n\n\n<p class=\"wp-block-paragraph\">Para beneficiar a sus mascotas hembras y machos con estos procedimientos es indispensable que las personas interesadas les agenden cita mediante WhatsApp al 662 411 6700.<\/p>\n\n\n\n<p class=\"wp-block-paragraph\">Entre los requisitos se solicita presentar identificaci\u00f3n oficial vigente; perros y gatos deben encontrarse sanos, limpios y libres de garrapatas, pulgas y piojos; tener tres meses de edad en adelante y llevar a los perros con correa y a los gatos en transportadora. En caso de caninos agresivos, deber\u00e1n acudir con bozal.<\/p>\n\n\n\n<p class=\"wp-block-paragraph\">El Instituto Municipal de Protecci\u00f3n y Bienestar Animal recuerda que las mascotas adultas deber\u00e1n cumplir con ocho horas de ayuno, mientras que para animales de entre 3 y 8 meses se solicitan seis horas de ayuno, incluyendo agua y alimento.<\/p>\n\n\n\n<p class=\"wp-block-paragraph\">Con estas jornadas gratuitas, el Gobierno Municipal acerca servicios veterinarios a las colonias y fomenta una cultura de cuidado y responsabilidad hacia los animales de compa\u00f1\u00eda.<\/p>\n","protected":false},"excerpt":{"rendered":"<p>Se realizar\u00e1n el 1, 2 y 4 de septiembre, por personal del Instituto Municipal de Protecci\u00f3n y Bienestar Animal; es necesario agendar cita v\u00eda WhatsApp. Hermosillo, Sonora; 30 de agosto, 2026.- El Ayuntamiento de Hermosillo, a trav\u00e9s del Instituto Municipal de Protecci\u00f3n y Bienestar Animal (IMPBA) invita a participar en las jornadas gratuitas de castraci\u00f3n [&hellip;]<\/p>\n","protected":false},"author":4,"featured_media":33151,"comment_status":"open","ping_status":"open","sticky":false,"template":"","format":"standard","meta":{"footnotes":""},"categories":[38],"tags":[],"class_list":["post-33150","post","type-post","status-publish","format-standard","has-post-thumbnail","hentry","category-salud"],"_links":{"self":[{"href":"https:\/\/elreporterodelacomunidad.com\/index.php\/wp-json\/wp\/v2\/posts\/33150","targetHints":{"allow":["GET"]}}],"collection":[{"href":"https:\/\/elreporterodelacomunidad.com\/index.php\/wp-json\/wp\/v2\/posts"}],"about":[{"href":"https:\/\/elreporterodelacomunidad.com\/index.php\/wp-json\/wp\/v2\/types\/post"}],"author":[{"embeddable":true,"href":"https:\/\/elreporterodelacomunidad.com\/index.php\/wp-json\/wp\/v2\/users\/4"}],"replies":[{"embeddable":true,"href":"https:\/\/elreporterodelacomunidad.com\/index.php\/wp-json\/wp\/v2\/comments?post=33150"}],"version-history":[{"count":1,"href":"https:\/\/elreporterodelacomunidad.com\/index.php\/wp-json\/wp\/v2\/posts\/33150\/revisions"}],"predecessor-version":[{"id":33152,"href":"https:\/\/elreporterodelacomunidad.com\/index.php\/wp-json\/wp\/v2\/posts\/33150\/revisions\/33152"}],"wp:featuredmedia":[{"embeddable":true,"href":"https:\/\/elreporterodelacomunidad.com\/index.php\/wp-json\/wp\/v2\/media\/33151"}],"wp:attachment":[{"href":"https:\/\/elreporterodelacomunidad.com\/index.php\/wp-json\/wp\/v2\/media?parent=33150"}],"wp:term":[{"taxonomy":"category","embeddable":true,"href":"https:\/\/elreporterodelacomunidad.com\/index.php\/wp-json\/wp\/v2\/categories?post=33150"},{"taxonomy":"post_tag","embeddable":true,"href":"https:\/\/elreporterodelacomunidad.com\/index.php\/wp-json\/wp\/v2\/tags?post=33150"}],"curies":[{"name":"wp","href":"https:\/\/api.w.org\/{rel}","templated":true}]}}