{"id":33146,"date":"2026-08-30T17:46:04","date_gmt":"2026-08-31T00:46:04","guid":{"rendered":"https:\/\/elreporterodelacomunidad.com\/?p=33146"},"modified":"2026-08-30T17:46:04","modified_gmt":"2026-08-31T00:46:04","slug":"mas-empleo-para-sonora-estrategia-de-durazo-incrementa-ocupacion-laboral-durante-segundo-trimestre-de-2026","status":"publish","type":"post","link":"https:\/\/elreporterodelacomunidad.com\/index.php\/2026\/08\/30\/mas-empleo-para-sonora-estrategia-de-durazo-incrementa-ocupacion-laboral-durante-segundo-trimestre-de-2026\/","title":{"rendered":"M\u00e1s empleo para Sonora: estrategia de Durazo incrementa ocupaci\u00f3n laboral durante segundo trimestre de 2026"},"content":{"rendered":"\n<p class=\"wp-block-paragraph\">El mandatario estatal inform\u00f3 que, de acuerdo con Inegi, la tasa de desocupaci\u00f3n en Sonora se ubic\u00f3 en 2.76 por ciento durante el segundo trimestre del a\u00f1o, por debajo del 3.0 por ciento registrado durante los primeros tres meses de 2026.<\/p>\n\n\n\n<p class=\"wp-block-paragraph\">Este comportamiento refleja el esfuerzo que se realiza para fortalecer la actividad econ\u00f3mica y generar mayores oportunidades para las y los sonorenses,<\/p>\n\n\n\n<p class=\"wp-block-paragraph\">Hermosillo, Sonora; 30 de agosto de 2026.- Sonora avanza con paso firme en la estabilidad laboral y la generaci\u00f3n de empleos mejor remunerados que garanticen condiciones de mayor crecimiento econ\u00f3mico y bienestar para las familias sonorenses, al registrar una disminuci\u00f3n en la tasa de desocupaci\u00f3n durante el segundo trimestre de 2026, destac\u00f3 el gobernador Alfonso Durazo Monta\u00f1o.<\/p>\n\n\n\n<p class=\"wp-block-paragraph\">De acuerdo con cifras de la Encuesta Nacional de Ocupaci\u00f3n y Empleo (ENOE) del Instituto Nacional de Estad\u00edstica y Geograf\u00eda (Inegi), la tasa de desocupaci\u00f3n en Sonora se ubic\u00f3 en 2.76 por ciento durante el segundo trimestre del a\u00f1o, por debajo del 3.0 por ciento registrado durante los primeros tres meses de 2026.<\/p>\n\n\n\n<p class=\"wp-block-paragraph\">El gobernador Durazo Monta\u00f1o se\u00f1al\u00f3 que este comportamiento refleja el esfuerzo que se realiza para fortalecer la actividad econ\u00f3mica y generar mayores oportunidades para las y los sonorenses, a trav\u00e9s de una pol\u00edtica orientada a atraer inversiones, impulsar a los sectores productivos y promover empleos.<\/p>\n\n\n\n<p class=\"wp-block-paragraph\">\u201cEn Sonora estamos trabajando para que el crecimiento econ\u00f3mico se traduzca en oportunidades y bienestar para las familias. La disminuci\u00f3n de la desocupaci\u00f3n nos indica que avanzamos en la direcci\u00f3n correcta y nos compromete a seguir generando condiciones para la inversi\u00f3n y el desarrollo de nuestro estado\u201d, expres\u00f3.<\/p>\n\n\n\n<p class=\"wp-block-paragraph\">En materia de informalidad laboral, Sonora registr\u00f3 una tasa de 43.9 por ciento, cifra que coloca a la entidad en el octavo lugar nacional entre los estados con menor informalidad laboral, de acuerdo con los resultados correspondientes al segundo trimestre de 2026.<\/p>\n\n\n\n<p class=\"wp-block-paragraph\">El mandatario estatal destac\u00f3 que este indicador coloca a Sonora por debajo del promedio nacional en informalidad laboral y representa una fortaleza para continuar promoviendo empleos con mejores condiciones y mayor certidumbre para las familias.<\/p>\n\n\n\n<p class=\"wp-block-paragraph\">Durazo Monta\u00f1o reiter\u00f3 que su administraci\u00f3n mantendr\u00e1 como prioridad el fortalecimiento de la econom\u00eda estatal, aprovechando las ventajas competitivas de Sonora, su talento humano y su posici\u00f3n estrat\u00e9gica para atraer nuevas inversiones y generar oportunidades de desarrollo en todas las regiones de la entidad.<\/p>\n","protected":false},"excerpt":{"rendered":"<p>El mandatario estatal inform\u00f3 que, de acuerdo con Inegi, la tasa de desocupaci\u00f3n en Sonora se ubic\u00f3 en 2.76 por ciento durante el segundo trimestre del a\u00f1o, por debajo del 3.0 por ciento registrado durante los primeros tres meses de 2026. Este comportamiento refleja el esfuerzo que se realiza para fortalecer la actividad econ\u00f3mica y [&hellip;]<\/p>\n","protected":false},"author":4,"featured_media":33148,"comment_status":"open","ping_status":"open","sticky":false,"template":"","format":"standard","meta":{"footnotes":""},"categories":[42],"tags":[],"class_list":["post-33146","post","type-post","status-publish","format-standard","has-post-thumbnail","hentry","category-economia"],"_links":{"self":[{"href":"https:\/\/elreporterodelacomunidad.com\/index.php\/wp-json\/wp\/v2\/posts\/33146","targetHints":{"allow":["GET"]}}],"collection":[{"href":"https:\/\/elreporterodelacomunidad.com\/index.php\/wp-json\/wp\/v2\/posts"}],"about":[{"href":"https:\/\/elreporterodelacomunidad.com\/index.php\/wp-json\/wp\/v2\/types\/post"}],"author":[{"embeddable":true,"href":"https:\/\/elreporterodelacomunidad.com\/index.php\/wp-json\/wp\/v2\/users\/4"}],"replies":[{"embeddable":true,"href":"https:\/\/elreporterodelacomunidad.com\/index.php\/wp-json\/wp\/v2\/comments?post=33146"}],"version-history":[{"count":1,"href":"https:\/\/elreporterodelacomunidad.com\/index.php\/wp-json\/wp\/v2\/posts\/33146\/revisions"}],"predecessor-version":[{"id":33149,"href":"https:\/\/elreporterodelacomunidad.com\/index.php\/wp-json\/wp\/v2\/posts\/33146\/revisions\/33149"}],"wp:featuredmedia":[{"embeddable":true,"href":"https:\/\/elreporterodelacomunidad.com\/index.php\/wp-json\/wp\/v2\/media\/33148"}],"wp:attachment":[{"href":"https:\/\/elreporterodelacomunidad.com\/index.php\/wp-json\/wp\/v2\/media?parent=33146"}],"wp:term":[{"taxonomy":"category","embeddable":true,"href":"https:\/\/elreporterodelacomunidad.com\/index.php\/wp-json\/wp\/v2\/categories?post=33146"},{"taxonomy":"post_tag","embeddable":true,"href":"https:\/\/elreporterodelacomunidad.com\/index.php\/wp-json\/wp\/v2\/tags?post=33146"}],"curies":[{"name":"wp","href":"https:\/\/api.w.org\/{rel}","templated":true}]}}