{"id":3308,"date":"2024-01-16T00:00:00","date_gmt":"2024-01-16T07:00:00","guid":{"rendered":"https:\/\/elreporterodelacomunidad.com\/index.php\/2024\/01\/16\/frente-frio-deja-sin-electricidad-a-47-mil-hogares-y-negocios-en-nuevo-leon\/"},"modified":"2024-01-16T00:00:00","modified_gmt":"2024-01-16T07:00:00","slug":"frente-frio-deja-sin-electricidad-a-47-mil-hogares-y-negocios-en-nuevo-leon","status":"publish","type":"post","link":"https:\/\/elreporterodelacomunidad.com\/index.php\/2024\/01\/16\/frente-frio-deja-sin-electricidad-a-47-mil-hogares-y-negocios-en-nuevo-leon\/","title":{"rendered":"Frente fr\u00edo deja sin electricidad a 47 mil hogares y negocios en Nuevo Le\u00f3n"},"content":{"rendered":"<p class=\"MsoNormal\">A causa del frente fr\u00edo proveniente de Am\u00e9rica del Norte, que impacta los servicios de suministro y generaci\u00f3n de electricidad, 46 mil 993 hogares en Nuevo Le\u00f3n se vieron afectados por cortes de energ\u00eda.<\/p>\n<p class=\"MsoNormal\">La Comisi\u00f3n Federal de Electricidad (CFE) asegur\u00f3 en un comunicado emitido este martes que tanto hogares como negocios afectados recuperaron en cuesti\u00f3n de horas el suministro el\u00e9ctrico. La comisi\u00f3n asegur\u00f3 que esta cantidad de usuarios representan 2% del total en la entidad.<\/p>\n<p class=\"MsoNormal\">Recientemente, el Centro Nacional de Control de Energ\u00eda (Cenace) indic\u00f3 que el sistema entr\u00f3 en alerta a causa de condiciones clim\u00e1ticas extremas que impactan el transporte de gas natural desde Estados Unidos hacia M\u00e9xico, para la generaci\u00f3n de electricidad.<\/p>\n<p class=\"MsoNormal\">Espec\u00edficamente sobre esto y la dependencia de gas natural que tienen las plantas mexicanas generadoras de energ\u00eda, la Comisi\u00f3n Federal de Electricidad no realiz\u00f3 comentarios.<\/p>\n<p class=\"MsoNormal\">Recuperan suministro en cuesti\u00f3n de horas<\/p>\n<p class=\"MsoNormal\">La CFE s\u00ed dijo que por el frente fr\u00edo y los trabajos consecuentes, en cuesti\u00f3n de horas, se recuper\u00f3 el suministro a la normalidad.<\/p>\n<p class=\"MsoNormal\">\u201cCon labores inmediatas e ininterrumpidas, el personal de la CFE recuper\u00f3 en 4 horas el suministro el\u00e9ctrico al 51% de los usuarios afectados, en 7 horas al 83% y en 12 horas consigui\u00f3 restablecer el servicio a la normalidad&#8221;, a\u00f1adi\u00f3.<\/p>\n<p class=\"MsoNormal\">Agreg\u00f3 que se mantienen condiciones de vientos fuertes a intensos en la regi\u00f3n afectada por el paso del frente fr\u00edo 27, el cual continuar\u00e1 desplaz\u00e1ndose por el Norte del Pa\u00eds. Para la atenci\u00f3n de la emergencia, se dispusieron en puntos estrat\u00e9gicos 124 electricistas, 25 gr\u00faas y 37 veh\u00edculos.<\/p>\n<p class=\"MsoNormal\">&#8220;La CFE, a trav\u00e9s del Sistema Nacional de Protecci\u00f3n Civil, se mantiene en estrecha coordinaci\u00f3n con la Secretar\u00eda de la Defensa Nacional, la Secretar\u00eda de Marina, Comisi\u00f3n Nacional del Agua, Secretar\u00eda de Salud, gobiernos estatal y municipales, para la atenci\u00f3n de esta contingencia&#8221;, dijo la CFE en un comunicado.<\/p>\n","protected":false},"excerpt":{"rendered":"<p>A causa del frente fr\u00edo 27, que impact\u00f3 los servicios de suministro y generaci\u00f3n de energ\u00eda, 46 mil 993 hogares se quedaron sin luz en Nuevo Le\u00f3n, el 2% del total en la entidad, seg\u00fan CFE.<\/p>\n","protected":false},"author":1,"featured_media":3309,"comment_status":"open","ping_status":"open","sticky":false,"template":"","format":"standard","meta":{"footnotes":""},"categories":[29],"tags":[],"class_list":["post-3308","post","type-post","status-publish","format-standard","has-post-thumbnail","hentry","category-principalsecundaria"],"_links":{"self":[{"href":"https:\/\/elreporterodelacomunidad.com\/index.php\/wp-json\/wp\/v2\/posts\/3308","targetHints":{"allow":["GET"]}}],"collection":[{"href":"https:\/\/elreporterodelacomunidad.com\/index.php\/wp-json\/wp\/v2\/posts"}],"about":[{"href":"https:\/\/elreporterodelacomunidad.com\/index.php\/wp-json\/wp\/v2\/types\/post"}],"author":[{"embeddable":true,"href":"https:\/\/elreporterodelacomunidad.com\/index.php\/wp-json\/wp\/v2\/users\/1"}],"replies":[{"embeddable":true,"href":"https:\/\/elreporterodelacomunidad.com\/index.php\/wp-json\/wp\/v2\/comments?post=3308"}],"version-history":[{"count":0,"href":"https:\/\/elreporterodelacomunidad.com\/index.php\/wp-json\/wp\/v2\/posts\/3308\/revisions"}],"wp:featuredmedia":[{"embeddable":true,"href":"https:\/\/elreporterodelacomunidad.com\/index.php\/wp-json\/wp\/v2\/media\/3309"}],"wp:attachment":[{"href":"https:\/\/elreporterodelacomunidad.com\/index.php\/wp-json\/wp\/v2\/media?parent=3308"}],"wp:term":[{"taxonomy":"category","embeddable":true,"href":"https:\/\/elreporterodelacomunidad.com\/index.php\/wp-json\/wp\/v2\/categories?post=3308"},{"taxonomy":"post_tag","embeddable":true,"href":"https:\/\/elreporterodelacomunidad.com\/index.php\/wp-json\/wp\/v2\/tags?post=3308"}],"curies":[{"name":"wp","href":"https:\/\/api.w.org\/{rel}","templated":true}]}}