{"id":3300,"date":"2024-01-17T00:00:00","date_gmt":"2024-01-17T07:00:00","guid":{"rendered":"https:\/\/elreporterodelacomunidad.com\/index.php\/2024\/01\/17\/manlio-fabio-beltrones-se-registra-como-precandidato-al-senado-por-el-pri-en-sonora\/"},"modified":"2024-01-17T00:00:00","modified_gmt":"2024-01-17T07:00:00","slug":"manlio-fabio-beltrones-se-registra-como-precandidato-al-senado-por-el-pri-en-sonora","status":"publish","type":"post","link":"https:\/\/elreporterodelacomunidad.com\/index.php\/2024\/01\/17\/manlio-fabio-beltrones-se-registra-como-precandidato-al-senado-por-el-pri-en-sonora\/","title":{"rendered":"Manlio Fabio Beltrones se registra como precandidato al Senado por el PRI en Sonora"},"content":{"rendered":"<p class=\"MsoNormal\">A 33 a\u00f1os de que particip\u00f3 como candidato a un puesto de elecci\u00f3n popular, Manlio Fabio Beltrones volvi\u00f3 a inscribirse en un proceso de selecci\u00f3n, ahora para competir por un esca\u00f1o en el Senado de la Rep\u00fablica.<\/p>\n<p class=\"MsoNormal\">Ante los integrantes de la Comisi\u00f3n de Procesos Internos del Partido Revolucionario Institucional, el exgobernador sonorense (1991 a 1997) present\u00f3 la documentaci\u00f3n para inscribirse como precandidato, en espera de que la Comisi\u00f3n Nacional valide su perfil.<\/p>\n<p class=\"MsoNormal\">Ser\u00e1 este jueves 18 de enero cuando se determine si cumpli\u00f3 con los estatutos para ser quien los represente en la elecci\u00f3n, al ser el \u00fanico registrado por ese partido a ese puesto.<\/p>\n<p class=\"MsoNormal\">En entrevista, el tambi\u00e9n ex dirigente nacional del tricolor coment\u00f3 que el reto que se tiene para este proceso electoral es que m\u00e1s j\u00f3venes se involucren, por ser las generaciones que marcan el rumbo del pa\u00eds.<\/p>\n<p class=\"MsoNormal\">&#8220;Todos estamos invitados a participar en las campa\u00f1as que vienen por delante, son sumamente importantes, no solo por la Presidencia, nos estamos jugando lo que puede ser una democracia moderna o regresamos a las formas y f\u00f3rmulas del pasado que ya demostraron que est\u00e1n muy superadas o vamos hacia adelante que es lo que venimos a proponer&#8221;, expres\u00f3.<\/p>\n<p class=\"MsoNormal\">Con respecto a la alianza que luego se convertir\u00e1 en coalici\u00f3n entre el PRI, PAN y PRD que conforman el denominado Frente Amplio por M\u00e9xico, Beltrones Rivera extern\u00f3 que es importante ir en unidad para afrontar el reto de ser contrapeso al gobierno actual y con ello guiar al pa\u00eds por el rumbo correcto, luego de las decisiones que se han tomado en el plano nacional en los \u00faltimos a\u00f1os.<\/p>\n<p class=\"MsoNormal\">&#8220;Hay una figura de gobierno de coalici\u00f3n inconclusa porque solamente pudo entrar a la Constituci\u00f3n, ahora hay que meterla a la Ley, y hacer que de esto surja un sistema pol\u00edtico mucho m\u00e1s moderno que un presidencialismo que est\u00e1 completamente anquilosado&#8221;, apunt\u00f3.<\/p>\n<p class=\"MsoNormal\">A sus 72 a\u00f1os asegur\u00f3 que har\u00e1 una campa\u00f1a en la que el contacto con los ciudadanos ser\u00e1 una prioridad, pues se requiere encausar el sentir social y traducirlo en pol\u00edticas p\u00fablicas orientadas a mejorar el entorno por el bien de todos.<\/p>\n<p class=\"MsoNormal\">\u00bfQui\u00e9n es Manlio Fabio?<\/p>\n<p class=\"MsoNormal\">El pol\u00edtico sonorense naci\u00f3 el 30 de agosto de 1952 en el municipio de Villa Ju\u00e1rez, ubicado al sur de Sonora, quien adem\u00e1s de haber gobernado el estado de 1991 a 1997, se ha desempe\u00f1ado como diputado federal y senador.<\/p>\n<p class=\"MsoNormal\">Poco m\u00e1s de un a\u00f1o llev\u00f3 las riendas del PRI Nacional a partir de 2015, pero dados los resultados que se tuvieron en las elecciones del 2016, donde ese partido perdi\u00f3 12 gubernaturas, present\u00f3 su renuncia con car\u00e1cter de irrevocable.<\/p>\n","protected":false},"excerpt":{"rendered":"<p>Ser\u00e1 este jueves 18 de enero cuando se determine si cumpli\u00f3 con los estatutos para ser quien los represente en la elecci\u00f3n, al ser el \u00fanico registrado por ese partido a ese puesto.<\/p>\n","protected":false},"author":1,"featured_media":3301,"comment_status":"open","ping_status":"open","sticky":false,"template":"","format":"standard","meta":{"footnotes":""},"categories":[29],"tags":[],"class_list":["post-3300","post","type-post","status-publish","format-standard","has-post-thumbnail","hentry","category-principalsecundaria"],"_links":{"self":[{"href":"https:\/\/elreporterodelacomunidad.com\/index.php\/wp-json\/wp\/v2\/posts\/3300","targetHints":{"allow":["GET"]}}],"collection":[{"href":"https:\/\/elreporterodelacomunidad.com\/index.php\/wp-json\/wp\/v2\/posts"}],"about":[{"href":"https:\/\/elreporterodelacomunidad.com\/index.php\/wp-json\/wp\/v2\/types\/post"}],"author":[{"embeddable":true,"href":"https:\/\/elreporterodelacomunidad.com\/index.php\/wp-json\/wp\/v2\/users\/1"}],"replies":[{"embeddable":true,"href":"https:\/\/elreporterodelacomunidad.com\/index.php\/wp-json\/wp\/v2\/comments?post=3300"}],"version-history":[{"count":0,"href":"https:\/\/elreporterodelacomunidad.com\/index.php\/wp-json\/wp\/v2\/posts\/3300\/revisions"}],"wp:featuredmedia":[{"embeddable":true,"href":"https:\/\/elreporterodelacomunidad.com\/index.php\/wp-json\/wp\/v2\/media\/3301"}],"wp:attachment":[{"href":"https:\/\/elreporterodelacomunidad.com\/index.php\/wp-json\/wp\/v2\/media?parent=3300"}],"wp:term":[{"taxonomy":"category","embeddable":true,"href":"https:\/\/elreporterodelacomunidad.com\/index.php\/wp-json\/wp\/v2\/categories?post=3300"},{"taxonomy":"post_tag","embeddable":true,"href":"https:\/\/elreporterodelacomunidad.com\/index.php\/wp-json\/wp\/v2\/tags?post=3300"}],"curies":[{"name":"wp","href":"https:\/\/api.w.org\/{rel}","templated":true}]}}