{"id":327,"date":"2024-05-01T00:00:00","date_gmt":"2024-05-01T07:00:00","guid":{"rendered":"https:\/\/elreporterodelacomunidad.com\/index.php\/2024\/05\/01\/por-abuso-sexual-ismael-hernan-n-es-vinculado-a-proceso\/"},"modified":"2024-05-18T21:58:07","modified_gmt":"2024-05-19T04:58:07","slug":"por-abuso-sexual-ismael-hernan-n-es-vinculado-a-proceso","status":"publish","type":"post","link":"https:\/\/elreporterodelacomunidad.com\/index.php\/2024\/05\/01\/por-abuso-sexual-ismael-hernan-n-es-vinculado-a-proceso\/","title":{"rendered":"Por abuso sexual Ismael Hern\u00e1n \u201cN\u201d es vinculado a proceso"},"content":{"rendered":"<div>La Fiscal\u00eda General de Justicia del Estado de Sonora (FGJES) logr\u00f3 que un Juez vinculara a proceso a Ismael Hern\u00e1n \u201cN\u201d por su probable responsabilidad por el delito de abuso sexual agravado en perjuicio de una mujer de identidad reservada, siendo puesto en prisi\u00f3n preventiva justificada por parte del Juez de Control.<\/div>\n<div><\/div>\n<div>De acuerdo a la carpeta de investigaci\u00f3n iniciada por el Agente del Ministerio P\u00fablico, la noche del 22 de junio del a\u00f1o 2021, el imputado aprovech\u00e1ndose de que la v\u00edctima se encontraba dormida irrumpi\u00f3 en su domicilio y posteriormente comenz\u00f3 a tocarla, esto en la localidad de El Pared\u00f3n Colorado, municipio de Benito Ju\u00e1rez, Sonora.<\/div>\n<div><\/div>\n<div>Notificada la autoridad sobre lo sucedido, se iniciaron las acciones para la integraci\u00f3n de la carpeta de investigaci\u00f3n en contra del se\u00f1alado y su captura, misma que se logr\u00f3 el pasado 19 de abril, siendo turnado a la autoridad correspondiente para las audiencias que demanda la ley.<\/div>\n<div><\/div>\n<div>Durante las mencionadas diligencias, en estricto apego a derecho se formul\u00f3 imputaci\u00f3n por parte de esta representaci\u00f3n social, el Juez lo vincul\u00f3 a proceso y se le impuso la medida cautelar de prisi\u00f3n preventiva justificada, siendo internado en un Centro de Reinserci\u00f3n Social (CERESO).<\/div>\n","protected":false},"excerpt":{"rendered":"<p>La Fiscal\u00eda General de Justicia del Estado de Sonora (FGJES) logr\u00f3 que un Juez vinculara a proceso a Ismael Hern\u00e1n \u201cN\u201d por su probable responsabilidad por el delito de abuso sexual agravado en perjuicio de una mujer de identidad reservada, siendo puesto en prisi\u00f3n preventiva justificada por parte del Juez de Control. De acuerdo a [&hellip;]<\/p>\n","protected":false},"author":1,"featured_media":779,"comment_status":"open","ping_status":"open","sticky":false,"template":"","format":"standard","meta":{"footnotes":""},"categories":[32],"tags":[],"class_list":["post-327","post","type-post","status-publish","format-standard","has-post-thumbnail","hentry","category-policiaca"],"_links":{"self":[{"href":"https:\/\/elreporterodelacomunidad.com\/index.php\/wp-json\/wp\/v2\/posts\/327","targetHints":{"allow":["GET"]}}],"collection":[{"href":"https:\/\/elreporterodelacomunidad.com\/index.php\/wp-json\/wp\/v2\/posts"}],"about":[{"href":"https:\/\/elreporterodelacomunidad.com\/index.php\/wp-json\/wp\/v2\/types\/post"}],"author":[{"embeddable":true,"href":"https:\/\/elreporterodelacomunidad.com\/index.php\/wp-json\/wp\/v2\/users\/1"}],"replies":[{"embeddable":true,"href":"https:\/\/elreporterodelacomunidad.com\/index.php\/wp-json\/wp\/v2\/comments?post=327"}],"version-history":[{"count":1,"href":"https:\/\/elreporterodelacomunidad.com\/index.php\/wp-json\/wp\/v2\/posts\/327\/revisions"}],"predecessor-version":[{"id":778,"href":"https:\/\/elreporterodelacomunidad.com\/index.php\/wp-json\/wp\/v2\/posts\/327\/revisions\/778"}],"wp:featuredmedia":[{"embeddable":true,"href":"https:\/\/elreporterodelacomunidad.com\/index.php\/wp-json\/wp\/v2\/media\/779"}],"wp:attachment":[{"href":"https:\/\/elreporterodelacomunidad.com\/index.php\/wp-json\/wp\/v2\/media?parent=327"}],"wp:term":[{"taxonomy":"category","embeddable":true,"href":"https:\/\/elreporterodelacomunidad.com\/index.php\/wp-json\/wp\/v2\/categories?post=327"},{"taxonomy":"post_tag","embeddable":true,"href":"https:\/\/elreporterodelacomunidad.com\/index.php\/wp-json\/wp\/v2\/tags?post=327"}],"curies":[{"name":"wp","href":"https:\/\/api.w.org\/{rel}","templated":true}]}}