{"id":326,"date":"2024-05-01T00:00:00","date_gmt":"2024-05-01T07:00:00","guid":{"rendered":"https:\/\/elreporterodelacomunidad.com\/index.php\/2024\/05\/01\/xochitl-galvez-promete-cambiar-politica-de-abrazos-y-no-balazos\/"},"modified":"2024-05-18T21:58:05","modified_gmt":"2024-05-19T04:58:05","slug":"xochitl-galvez-promete-cambiar-politica-de-abrazos-y-no-balazos","status":"publish","type":"post","link":"https:\/\/elreporterodelacomunidad.com\/index.php\/2024\/05\/01\/xochitl-galvez-promete-cambiar-politica-de-abrazos-y-no-balazos\/","title":{"rendered":"X\u00f3chitl G\u00e1lvez promete cambiar pol\u00edtica de abrazos y no balazos"},"content":{"rendered":"<p class=\"MsoNormal\">Con un panorama de inseguridad preocupante en el pa\u00eds, debido a una serie de incidentes que han ocurrido no s\u00f3lo en Sonora sino en otras entidades, la candidata a la Presidencia de la Rep\u00fablica, X\u00f3chitl G\u00e1lvez Ruiz sostuvo que se cambiar\u00e1 la pol\u00edtica de &#8220;abrazos, no balazos&#8221; que lleva el gobierno de Andr\u00e9s Manuel L\u00f3pez Obrador.<\/p>\n<p class=\"MsoNormal\">\n<p class=\"MsoNormal\">De visita en Hermosillo para iniciar una gira de trabajo de dos d\u00edas en Sonora, donde visitar\u00e1 varios municipios, la abanderada de la coalici\u00f3n &#8220;Fuerza y Coraz\u00f3n por M\u00e9xico&#8221; expres\u00f3 que es inexplicable por qu\u00e9 el gobierno federal no reacciona de forma contundente contra las bandas del crimen organizado.<\/p>\n<p class=\"MsoNormal\">Y es que, al suscitarse homicidios, asaltos y dem\u00e1s actos negativos, la poblaci\u00f3n est\u00e1 preocupada y cansada de ver y ser v\u00edctima de ese tipo de delitos que les roba la tranquilidad, apunt\u00f3.<\/p>\n<p class=\"MsoNormal\">&#8220;Este fin de semana es el m\u00e1s violento del a\u00f1o y todo pareciera que va a fracasar porque no se cambi\u00f3 la pol\u00edtica de seguridad, los abrazos no resultaron&#8221;, extern\u00f3.<\/p>\n<p class=\"MsoNormal\">El tema de seguridad ha sido un fracaso<\/p>\n<p class=\"MsoNormal\">Al no haber un respaldo de la federaci\u00f3n hacia los estados o municipios para reforzar los operativos para erradicar la violencia y a su vez la delincuencia, de ser elegida como la siguiente mandataria nacional, dijo, s\u00ed trabajar\u00e1 de la mano con los gobernadores y gobernadoras de cada estado, sin importar el color del partido al que pertenecen.<\/p>\n<p class=\"MsoNormal\">Productores locales conf\u00edan en que X\u00f3chitl G\u00e1lvez s\u00ed los apoyar\u00e1<\/p>\n<p class=\"MsoNormal\">&#8220;Es un fracaso el tema de seguridad. Lo que le falta a Sonora, esos dos gobernadores, cuando yo sea presidenta, van a contar conmigo&#8221;, se comprometi\u00f3 en ese apartado.<\/p>\n<p class=\"MsoNormal\">Tambi\u00e9n cuestion\u00f3 que el sistema de salud no sea el esperado por los ciudadanos, ya que hay carencias que no han sido solventadas y eso pega y duele a las millones de personas que se atienden en instituciones p\u00fablicas.<\/p>\n<p class=\"MsoNormal\">&#8220;El de salud es otro fracaso, porque bajan los brazos, no dar la pelea, c\u00f3mo entregarle al Presidente todo el sistema de salud sabiendo que es imposible que desde el Centro se gestione hasta Sonora o Sinaloa&#8221;,<\/p>\n<p class=\"MsoNormal\">G\u00e1lvez puso ejemplos como Quer\u00e9taro, Yucat\u00e1n, Guanajuato que no entregaron el sistema de salud al gobierno federal y hay estabilidad, por ello reiter\u00f3 que ella y su equipo trabajar\u00e1n en una pol\u00edtica integral para optimizar las atenciones a los pacientes de cualquiera de los sistemas p\u00fablicos que hay en el pa\u00eds.<\/p>\n<p class=\"MsoNormal\">En cuanto a la iniciativa que promueve para que ning\u00fan trabajador en M\u00e9xico que gane menos de 15 mil pesos pague el Impuesto Sobre la Renta (ISR), apunt\u00f3 que se har\u00e1 una realidad a partir de que asuma la titularidad del Ejecutivo Federal, tras ganar la elecci\u00f3n del 02 de junio.<\/p>\n<p class=\"MsoNormal\">Este mi\u00e9rcoles encabez\u00f3 un mitin en la explanada del Estadio Fernando Valenzuela, al surponiente de la ciudad, donde present\u00f3 sus propuestas y planes que son la base de su campa\u00f1a.<\/p>\n<p class=\"MsoNormal\">Para el jueves se prev\u00e9 tenga un encuentro con pescadores en Guaymas, mientras que durante la tarde encabezar\u00e1 otro acto masivo en los alrededores de la Laguna del N\u00e1inari en Ciudad Obreg\u00f3n a las 17:30 horas.<\/p>\n","protected":false},"excerpt":{"rendered":"<p>De visita en Sonora, la candidata presidencial visitar\u00e1 varios municipios en dos d\u00edas de gira.<\/p>\n","protected":false},"author":1,"featured_media":777,"comment_status":"open","ping_status":"open","sticky":false,"template":"","format":"standard","meta":{"footnotes":""},"categories":[29],"tags":[],"class_list":["post-326","post","type-post","status-publish","format-standard","has-post-thumbnail","hentry","category-principalsecundaria"],"_links":{"self":[{"href":"https:\/\/elreporterodelacomunidad.com\/index.php\/wp-json\/wp\/v2\/posts\/326","targetHints":{"allow":["GET"]}}],"collection":[{"href":"https:\/\/elreporterodelacomunidad.com\/index.php\/wp-json\/wp\/v2\/posts"}],"about":[{"href":"https:\/\/elreporterodelacomunidad.com\/index.php\/wp-json\/wp\/v2\/types\/post"}],"author":[{"embeddable":true,"href":"https:\/\/elreporterodelacomunidad.com\/index.php\/wp-json\/wp\/v2\/users\/1"}],"replies":[{"embeddable":true,"href":"https:\/\/elreporterodelacomunidad.com\/index.php\/wp-json\/wp\/v2\/comments?post=326"}],"version-history":[{"count":1,"href":"https:\/\/elreporterodelacomunidad.com\/index.php\/wp-json\/wp\/v2\/posts\/326\/revisions"}],"predecessor-version":[{"id":776,"href":"https:\/\/elreporterodelacomunidad.com\/index.php\/wp-json\/wp\/v2\/posts\/326\/revisions\/776"}],"wp:featuredmedia":[{"embeddable":true,"href":"https:\/\/elreporterodelacomunidad.com\/index.php\/wp-json\/wp\/v2\/media\/777"}],"wp:attachment":[{"href":"https:\/\/elreporterodelacomunidad.com\/index.php\/wp-json\/wp\/v2\/media?parent=326"}],"wp:term":[{"taxonomy":"category","embeddable":true,"href":"https:\/\/elreporterodelacomunidad.com\/index.php\/wp-json\/wp\/v2\/categories?post=326"},{"taxonomy":"post_tag","embeddable":true,"href":"https:\/\/elreporterodelacomunidad.com\/index.php\/wp-json\/wp\/v2\/tags?post=326"}],"curies":[{"name":"wp","href":"https:\/\/api.w.org\/{rel}","templated":true}]}}