{"id":3199,"date":"2024-01-20T00:00:00","date_gmt":"2024-01-20T07:00:00","guid":{"rendered":"https:\/\/elreporterodelacomunidad.com\/index.php\/2024\/01\/20\/seis-abatidos-y-2-policias-heridos-deja-enfrentamiento-en-carretera-hermosillo-kino\/"},"modified":"2024-05-18T23:01:37","modified_gmt":"2024-05-19T06:01:37","slug":"seis-abatidos-y-2-policias-heridos-deja-enfrentamiento-en-carretera-hermosillo-kino","status":"publish","type":"post","link":"https:\/\/elreporterodelacomunidad.com\/index.php\/2024\/01\/20\/seis-abatidos-y-2-policias-heridos-deja-enfrentamiento-en-carretera-hermosillo-kino\/","title":{"rendered":"Seis abatidos y 2 polic\u00edas heridos deja enfrentamiento en carretera Hermosillo-Kino"},"content":{"rendered":"<p class=\"MsoNormal\">Un fuerte operativo se despleg\u00f3 por parte de elementos de seguridad de los tres niveles de gobierno sobre el tramo carretero Hermosillo-Bah\u00eda de Kino, la tarde de este s\u00e1bado, luego de que se suscitar\u00e1 una persecuci\u00f3n y enfrentamiento entre presuntos integrantes del crimen organizado y agentes oficiales.<\/p>\n<p class=\"MsoNormal\">En el \u00e1rea conocida como Siete Cerros, seis sujetos fueron neutralizados despu\u00e9s de atacar a elementos de la Agencia Ministerial de Investigaci\u00f3n Criminal (AMIC), luego de la persecuci\u00f3n iniciada a las afueras del casco urbano de Hermosillo, en la carretera 100.<\/p>\n<p class=\"MsoNormal\">De acuerdo con informaci\u00f3n de la Fiscal\u00eda General de Justicia del Estado (FGJE) en Sonora, los criminales atacaron a los elementos al sentirse acorralados, por lo que los efectivos repelieron la agresi\u00f3n con sus armas de cargo.<\/p>\n<p class=\"MsoNormal\">Trascendi\u00f3 que, adem\u00e1s de los seis sujetos, dos elementos de la AMIC resultaron heridos, por lo que fueron trasladados a un hospital de la ciudad para recibir la atenci\u00f3n m\u00e9dica correspondiente, encontr\u00e1ndose en este momento bajo resguardo y fuera de peligro.<\/p>\n<p class=\"MsoNormal\">En el sitio, hasta el momento se han asegurado seis camionetas, m\u00faltiples fusiles de asalto, Barret calibre 50, adem\u00e1s de cargadores de caja con capacidad para 200 cartuchos \u00fatiles, y se mantiene un fuerte operativo para salvaguardar la zona y a quienes transitan por el lugar.<\/p>\n<p class=\"MsoNormal\">En redes sociales circularon videos de algunas familias y automovilistas que quedaron atrapados durante el enfrentamiento, tratando de resguardarse dentro de sus veh\u00edculos o inclusive bajando de ellos para tratar de encontrar refugio cercano, y as\u00ed evitar cualquier incidente de gravedad.<\/p>\n<p class=\"MsoNormal\">Por otro lado, cabe mencionar que esta no es la \u00fanica persecuci\u00f3n que termina con bajas durante este 2024, ya que el pasado 15 de enero, un hombre de 35 a\u00f1os fue ejecutado a balazos durante luego de una intensa persecuci\u00f3n por diferentes calles de Hermosillo, hasta llegar a su domicilio, en la colonia Las Granjas.<\/p>\n<p class=\"MsoNormal\">As\u00ed mismo, desde octubre del a\u00f1o pasado, en la zona norte de Sonora se han registrado diversos enfrentamientos y sucesos de violencia entre elementos de seguridad e integrantes del crimen organizado, donde incluso han resultado v\u00edctimas colaterales como turistas o personas que transitaban por el lugar, en municipios como Santa Ana, Caborca, Benjam\u00edn Hill, Altar, Sonoyta, entre otros.<\/p>\n<p class=\"MsoNormal\">A pesar de esto, de acuerdo con el \u00faltimo reporte de incidencia delictiva del Observatorio Sonora por la Seguridad, la entidad registr\u00f3 una reducci\u00f3n del 19.4% en el n\u00famero de homicidios dolosos en el 2023, en comparaci\u00f3n con el 2022, al pasar de mil 741 casos en 2022 a mil 403 en 2023.<\/p>\n","protected":false},"excerpt":{"rendered":"<p>El enfrentamiento armado fue entre presuntos integrantes del crimen organizado y elementos de la AMIC<\/p>\n","protected":false},"author":1,"featured_media":3200,"comment_status":"open","ping_status":"open","sticky":false,"template":"","format":"standard","meta":{"footnotes":""},"categories":[29],"tags":[],"class_list":["post-3199","post","type-post","status-publish","format-standard","has-post-thumbnail","hentry","category-principalsecundaria"],"_links":{"self":[{"href":"https:\/\/elreporterodelacomunidad.com\/index.php\/wp-json\/wp\/v2\/posts\/3199","targetHints":{"allow":["GET"]}}],"collection":[{"href":"https:\/\/elreporterodelacomunidad.com\/index.php\/wp-json\/wp\/v2\/posts"}],"about":[{"href":"https:\/\/elreporterodelacomunidad.com\/index.php\/wp-json\/wp\/v2\/types\/post"}],"author":[{"embeddable":true,"href":"https:\/\/elreporterodelacomunidad.com\/index.php\/wp-json\/wp\/v2\/users\/1"}],"replies":[{"embeddable":true,"href":"https:\/\/elreporterodelacomunidad.com\/index.php\/wp-json\/wp\/v2\/comments?post=3199"}],"version-history":[{"count":1,"href":"https:\/\/elreporterodelacomunidad.com\/index.php\/wp-json\/wp\/v2\/posts\/3199\/revisions"}],"predecessor-version":[{"id":3201,"href":"https:\/\/elreporterodelacomunidad.com\/index.php\/wp-json\/wp\/v2\/posts\/3199\/revisions\/3201"}],"wp:featuredmedia":[{"embeddable":true,"href":"https:\/\/elreporterodelacomunidad.com\/index.php\/wp-json\/wp\/v2\/media\/3200"}],"wp:attachment":[{"href":"https:\/\/elreporterodelacomunidad.com\/index.php\/wp-json\/wp\/v2\/media?parent=3199"}],"wp:term":[{"taxonomy":"category","embeddable":true,"href":"https:\/\/elreporterodelacomunidad.com\/index.php\/wp-json\/wp\/v2\/categories?post=3199"},{"taxonomy":"post_tag","embeddable":true,"href":"https:\/\/elreporterodelacomunidad.com\/index.php\/wp-json\/wp\/v2\/tags?post=3199"}],"curies":[{"name":"wp","href":"https:\/\/api.w.org\/{rel}","templated":true}]}}