{"id":3171,"date":"2024-01-22T00:00:00","date_gmt":"2024-01-22T07:00:00","guid":{"rendered":"https:\/\/elreporterodelacomunidad.com\/index.php\/2024\/01\/22\/encuentran-a-una-menor-de-edad-sin-vida-al-norte-de-hermosillo\/"},"modified":"2024-01-22T00:00:00","modified_gmt":"2024-01-22T07:00:00","slug":"encuentran-a-una-menor-de-edad-sin-vida-al-norte-de-hermosillo","status":"publish","type":"post","link":"https:\/\/elreporterodelacomunidad.com\/index.php\/2024\/01\/22\/encuentran-a-una-menor-de-edad-sin-vida-al-norte-de-hermosillo\/","title":{"rendered":"Encuentran a una menor de edad sin vida al norte de Hermosillo"},"content":{"rendered":"<p class=\"MsoNormal\">Junto a unas capillas dedicadas a la Santa Muerte por la carretera a la mina Nyco, al norte de Hermosillo, el cuerpo de una menor de edad fue localizado sin vida la tarde de este lunes 22 de enero, generando una intensa movilizaci\u00f3n polic\u00edaca.<\/p>\n<p class=\"MsoNormal\">Seg\u00fan los reportes, quien realiz\u00f3 el reporte del hallazgo era persona que frecuentaba el lugar para realizar un mural a la Santa Muerte en un terreno entre prolongaci\u00f3n del bulevar Solidaridad y Carretera Federal 15.<\/p>\n<p class=\"MsoNormal\">El hallazgo se dio alrededor de las 17:25 horas, por lo que r\u00e1pidamente se movilizaron corporaciones de seguridad al terreno bald\u00edo.<\/p>\n<p class=\"MsoNormal\">La Fiscal\u00eda General de Justicia del Estado (FGJE) inform\u00f3 que est\u00e1 llevando a cabo la investigaci\u00f3n de los acontecimientos que llevaron a la muerte de la menor.<\/p>\n<p class=\"MsoNormal\">Asimismo, indic\u00f3 que los familiares reportaron su desaparici\u00f3n a a las 16:08 horas de este lunes, despu\u00e9s de perder contacto con ella, alrededor de las 20:00 horas del domingo 21 de enero.<\/p>\n<p class=\"MsoNormal\">Se confirm\u00f3 que el cuerpo de la menor, de aproximadamente 15 a\u00f1os de edad, presentaba signos de violencia al mostrar golpes en la cabeza y el cuerpo, por lo que se piensa que pudiera tratarse de un homicidio.<\/p>\n<p class=\"MsoNormal\">En el lugar se concentraron elementos de la Polic\u00eda Estatal de Seguridad P\u00fablica, as\u00ed como personal de Servicios Periciales y M\u00e9dico Forense para iniciar las investigaciones.<\/p>\n<p class=\"MsoNormal\">Mientras tanto, personal de Servicios Periciales est\u00e1 procesando el lugar del hallazgo en busca de indicios que se integrar\u00e1n a la carpeta de investigaci\u00f3n, a fin de llegar a la resoluci\u00f3n del caso.<\/p>\n<p class=\"MsoNormal\">De igual forma, la Fiscal\u00eda de Sonora se\u00f1al\u00f3 que posteriormente se trabajar\u00e1 en determinar las causas que llevaron al fallecimiento de la menor.<\/p>\n","protected":false},"excerpt":{"rendered":"<p>El cuerpo de la menor de edad fue localizada con signos de violencia cerca de la mina Nyco, junto a unas capillas dedicadas a la Santa Muerte.<\/p>\n","protected":false},"author":1,"featured_media":3172,"comment_status":"open","ping_status":"open","sticky":false,"template":"","format":"standard","meta":{"footnotes":""},"categories":[29],"tags":[],"class_list":["post-3171","post","type-post","status-publish","format-standard","has-post-thumbnail","hentry","category-principalsecundaria"],"_links":{"self":[{"href":"https:\/\/elreporterodelacomunidad.com\/index.php\/wp-json\/wp\/v2\/posts\/3171","targetHints":{"allow":["GET"]}}],"collection":[{"href":"https:\/\/elreporterodelacomunidad.com\/index.php\/wp-json\/wp\/v2\/posts"}],"about":[{"href":"https:\/\/elreporterodelacomunidad.com\/index.php\/wp-json\/wp\/v2\/types\/post"}],"author":[{"embeddable":true,"href":"https:\/\/elreporterodelacomunidad.com\/index.php\/wp-json\/wp\/v2\/users\/1"}],"replies":[{"embeddable":true,"href":"https:\/\/elreporterodelacomunidad.com\/index.php\/wp-json\/wp\/v2\/comments?post=3171"}],"version-history":[{"count":0,"href":"https:\/\/elreporterodelacomunidad.com\/index.php\/wp-json\/wp\/v2\/posts\/3171\/revisions"}],"wp:featuredmedia":[{"embeddable":true,"href":"https:\/\/elreporterodelacomunidad.com\/index.php\/wp-json\/wp\/v2\/media\/3172"}],"wp:attachment":[{"href":"https:\/\/elreporterodelacomunidad.com\/index.php\/wp-json\/wp\/v2\/media?parent=3171"}],"wp:term":[{"taxonomy":"category","embeddable":true,"href":"https:\/\/elreporterodelacomunidad.com\/index.php\/wp-json\/wp\/v2\/categories?post=3171"},{"taxonomy":"post_tag","embeddable":true,"href":"https:\/\/elreporterodelacomunidad.com\/index.php\/wp-json\/wp\/v2\/tags?post=3171"}],"curies":[{"name":"wp","href":"https:\/\/api.w.org\/{rel}","templated":true}]}}