{"id":317,"date":"2024-05-02T00:00:00","date_gmt":"2024-05-02T07:00:00","guid":{"rendered":"https:\/\/elreporterodelacomunidad.com\/index.php\/2024\/05\/02\/por-inseguridad-el-pais-se-nos-esta-yendo-de-las-manos-xochitl-galvez\/"},"modified":"2024-05-18T21:57:45","modified_gmt":"2024-05-19T04:57:45","slug":"por-inseguridad-el-pais-se-nos-esta-yendo-de-las-manos-xochitl-galvez","status":"publish","type":"post","link":"https:\/\/elreporterodelacomunidad.com\/index.php\/2024\/05\/02\/por-inseguridad-el-pais-se-nos-esta-yendo-de-las-manos-xochitl-galvez\/","title":{"rendered":"Por inseguridad, el pa\u00eds se nos est\u00e1 yendo de las manos: X\u00f3chitl G\u00e1lvez&nbsp;"},"content":{"rendered":"<div>La candidata a la Presidencia de la Rep\u00fablica por el PAN, PRI y PRD, X\u00f3chitl G\u00e1lvez Ruiz, afirm\u00f3 que por los niveles de inseguridad y violencia que se viven en el pa\u00eds, a los mexicanos se nos est\u00e1 yendo el pa\u00eds de las manos.<\/div>\n<div>&nbsp;<\/div>\n<div>De gira por Cajeme, Sonora, la ingeniera asegur\u00f3 que la batalla del pr\u00f3ximo 2 de junio la dar\u00e1 de la mano de millones de ciudadanos que quieren despertar de este sexenio de odio, de miedo y de divisi\u00f3n.<\/div>\n<div>&nbsp;<\/div>\n<div>\u201cLa \u00fanica raz\u00f3n por la que quiero ser Presidenta es porque quiero que sus familias, que ustedes, est\u00e9n bien. No se trata de m\u00ed, se trata de ti. Se trata de tus hijos. Se nos est\u00e1 yendo el pa\u00eds de las manos. Ustedes viven en uno de los municipios m\u00e1s violentos del pa\u00eds. Con miedo\u201d, dijo en el acto que se realiz\u00f3 en la Laguna del N\u00e1inari.<\/div>\n<div><\/div>\n<div>Agreg\u00f3 que a un mes de que se lleve a cabo la jornada electoral, los mexicanos estamos frente a dos opciones: claudicar o despertar. Claudicar significa que siga la corrupci\u00f3n, que siga la violencia, que siga la falta de medicinas, que siga el autoritarismo y que siga la mentira.<\/div>\n<div>&nbsp;<\/div>\n<div>Explic\u00f3 que su estrategia de seguridad contempla que ning\u00fan polic\u00eda municipal gane menos de 20 mil pesos, adem\u00e1s tenga becas escolares para sus hijos, apoyos para comprar una vivienda y seguro m\u00e9dico. \u201cVamos a cuidar a los que nos cuidan, esa va a ser mi prioridad, la seguridad p\u00fablica. No hay mayor cosa en la vida que la seguridad\u201d.<\/div>\n<div>&nbsp;<\/div>\n<div>En otro tema, enfatiz\u00f3 que los programas sociales se quedan y los va a mejorar, como la Pensi\u00f3n para Adultos Mayores que iniciar\u00e1 a los 60 a\u00f1os y adem\u00e1s se les otorgar\u00e1 pr\u00f3tesis dentales, aparatos auditivos, lentes y apoyos para operaciones de cataratas.<\/div>\n<div>&nbsp;<\/div>\n<div>Se comprometi\u00f3 a que regresar\u00e1 el nuevo Seguro Popular, que tendr\u00e1 la tarjeta Mi Salud, con la que los usuarios podr\u00e1n recoger sus medicamentos en cualquier farmacia.<\/div>\n<div><\/div>\n<div>G\u00e1lvez Ruiz dej\u00f3 en claro que su proyecto de pa\u00eds traer\u00e1 la vida, donde hoy se pasea la muerte; verdad, donde hoy reina la mentira, y libertad, donde hoy gobierna el miedo y el autoritarismo.<\/div>\n","protected":false},"excerpt":{"rendered":"<p>Los mexicanos estamos frente a dos opciones: claudicar o despertar.<\/p>\n","protected":false},"author":1,"featured_media":758,"comment_status":"open","ping_status":"open","sticky":false,"template":"","format":"standard","meta":{"footnotes":""},"categories":[29],"tags":[],"class_list":["post-317","post","type-post","status-publish","format-standard","has-post-thumbnail","hentry","category-principalsecundaria"],"_links":{"self":[{"href":"https:\/\/elreporterodelacomunidad.com\/index.php\/wp-json\/wp\/v2\/posts\/317","targetHints":{"allow":["GET"]}}],"collection":[{"href":"https:\/\/elreporterodelacomunidad.com\/index.php\/wp-json\/wp\/v2\/posts"}],"about":[{"href":"https:\/\/elreporterodelacomunidad.com\/index.php\/wp-json\/wp\/v2\/types\/post"}],"author":[{"embeddable":true,"href":"https:\/\/elreporterodelacomunidad.com\/index.php\/wp-json\/wp\/v2\/users\/1"}],"replies":[{"embeddable":true,"href":"https:\/\/elreporterodelacomunidad.com\/index.php\/wp-json\/wp\/v2\/comments?post=317"}],"version-history":[{"count":1,"href":"https:\/\/elreporterodelacomunidad.com\/index.php\/wp-json\/wp\/v2\/posts\/317\/revisions"}],"predecessor-version":[{"id":757,"href":"https:\/\/elreporterodelacomunidad.com\/index.php\/wp-json\/wp\/v2\/posts\/317\/revisions\/757"}],"wp:featuredmedia":[{"embeddable":true,"href":"https:\/\/elreporterodelacomunidad.com\/index.php\/wp-json\/wp\/v2\/media\/758"}],"wp:attachment":[{"href":"https:\/\/elreporterodelacomunidad.com\/index.php\/wp-json\/wp\/v2\/media?parent=317"}],"wp:term":[{"taxonomy":"category","embeddable":true,"href":"https:\/\/elreporterodelacomunidad.com\/index.php\/wp-json\/wp\/v2\/categories?post=317"},{"taxonomy":"post_tag","embeddable":true,"href":"https:\/\/elreporterodelacomunidad.com\/index.php\/wp-json\/wp\/v2\/tags?post=317"}],"curies":[{"name":"wp","href":"https:\/\/api.w.org\/{rel}","templated":true}]}}