{"id":3163,"date":"2024-01-23T00:00:00","date_gmt":"2024-01-23T07:00:00","guid":{"rendered":"https:\/\/elreporterodelacomunidad.com\/index.php\/2024\/01\/23\/lluvias-en-hermosillo-dejan-calles-inundadas-y-hasta-granizo\/"},"modified":"2024-01-23T00:00:00","modified_gmt":"2024-01-23T07:00:00","slug":"lluvias-en-hermosillo-dejan-calles-inundadas-y-hasta-granizo","status":"publish","type":"post","link":"https:\/\/elreporterodelacomunidad.com\/index.php\/2024\/01\/23\/lluvias-en-hermosillo-dejan-calles-inundadas-y-hasta-granizo\/","title":{"rendered":"Lluvias en Hermosillo dejan calles inundadas y hasta granizo"},"content":{"rendered":"<p class=\"MsoNormal\">Con la llegada de las primeras lluvias del a\u00f1o a Hermosillo, se presentaron adem\u00e1s algunos reporteros relacionados con encharcamientos, ca\u00edda de cables conductores de energ\u00eda y apagado de sem\u00e1foros que fueron canalizados a las instancias correspondientes.<\/p>\n<p class=\"MsoNormal\">De acuerdo al reporte de la Coordinaci\u00f3n Municipal de Protecci\u00f3n Civil, a cargo de Sergio Orlando Flores, dio a conocer que recibieron 10 reportes, relacionados con cables en la cinta de rodamiento.<\/p>\n<p class=\"MsoNormal\">Indic\u00f3 que fueron dos reportes de cables en el piso con alg\u00fan tipo de riesgo en la zona norte de la ciudad, uno en la calle Guadalupe Victoria y avenida del Seri.<\/p>\n<p class=\"MsoNormal\">A\u00f1adi\u00f3 que los ochos reportes m\u00e1s fueron con el riesgo de cortocircuito en la mufa en diferentes sectores de Hermosillo, como es Cerro de la Campana, Ca\u00f1ada de los Negros, Lomas de Madrid, Miguel Hidalgo, Fraccionamiento Natura y Solidaridad, entre otras m\u00e1s.<\/p>\n<p class=\"MsoNormal\">En materia de acumulaci\u00f3n de lluvias, se dio a conocer que la parte norte fue la que m\u00e1s recibi\u00f3 con 10.6 mil\u00edmetros, con rafagas de viento de 27 kil\u00f3metros por hora; en el resto de la ciudad, hubo acumulaciones de nueve, tres, cinco y dos mil\u00edmetros.<\/p>\n<p class=\"MsoNormal\">Adelant\u00f3 que todos los reportes relacionados con la ca\u00edda de cables, fueron canalizados a la Comisi\u00f3n Federal de Electricidad para su atenci\u00f3n correspondiente.<\/p>\n<p class=\"MsoNormal\">Hizo un llamado a la comunidad en general, a tomar las debidas precauciones para evitar situaciones de riesgo con la llegada de las primeras lluvias en Hermosillo.<\/p>\n<p class=\"MsoNormal\">Por tal motivo, autoridades de Tr\u00e1nsito, tambi\u00e9n implementaron algunos operativos, sobre todo en las zonas donde se presentaron apagones de sem\u00e1foros, como fue en la calle Veracruz y Monteverde.<\/p>\n<p class=\"MsoNormal\">Se hace el llamado a los automovilistas para que salgan con tiempo de sus casas y evitar embotellamientos a consecuencia de los encharcamientos o por estar fuera de servicio algunos sem\u00e1foros.<\/p>\n<p class=\"MsoNormal\">Por su parte, Gilberto Lagarda de la Comisi\u00f3n Nacional del Agua en Sonora, adelant\u00f3 que para las pr\u00f3ximas horas van a continuar las precipitaciones, con la presencia de rachas de vientos fr\u00edos por la llegada del Frente Fr\u00edo n\u00famero 29 acompa\u00f1ado de bajas temperaturas.<\/p>\n<p class=\"MsoNormal\">Cae granizo en la zona norte de Hermosillo<\/p>\n<p class=\"MsoNormal\">Algo inusual para Hermosillo, es que estas primeras lluvias del a\u00f1o llegaron con granizo, principalmente en la zona norte de la ciudad.<\/p>\n<p class=\"MsoNormal\">Usuarios de redes sociales compartieron fotos y videos del granizo en sus patios e incluso tomaron pu\u00f1os con sus manos.<\/p>\n<p class=\"MsoNormal\">Tambi\u00e9n, en esta zona fue la de mayor acumulaci\u00f3n de lluvia con hasta 44.4 mil\u00edmetros de agua, de acuerdo con la Comisi\u00f3n Nacional del Agua en Sonora, dicho registro de precipitaci\u00f3n acumulada de acuerdo al observatorio fue de las 07:00 horas a las 12:00 del mediod\u00eda, sobre todo en la zona norte de la ciudad con ca\u00edda de granizo.<\/p>\n<p class=\"MsoNormal\">En el caso del reporte de Tr\u00e1nsito Municipal, dio a conocer que los sem\u00e1foros que por la ma\u00f1ana estuvieron apagados, ya fueron reparados por la Coordinaci\u00f3n de Infraestructura, Desarrollo Urbano y Ecolog\u00eda, para el control del tr\u00e1fico vehicular.<\/p>\n<p class=\"MsoNormal\">Se dio a conocer que sin embargo, el \u00e1rea del puente deprimido de la comunidad rural de San Pedro El Saucito al oriente de Hermosillo contin\u00faa cerrado para el tr\u00e1fico vehicular hasta nuevo aviso.<\/p>\n","protected":false},"excerpt":{"rendered":"<p>Las lluvias de este martes dejaron calles inundadas, sem\u00e1foros con fallas y hasta ca\u00edda de granizo en la zona norte de Hermosillo.<\/p>\n","protected":false},"author":1,"featured_media":3164,"comment_status":"open","ping_status":"open","sticky":false,"template":"","format":"standard","meta":{"footnotes":""},"categories":[29],"tags":[],"class_list":["post-3163","post","type-post","status-publish","format-standard","has-post-thumbnail","hentry","category-principalsecundaria"],"_links":{"self":[{"href":"https:\/\/elreporterodelacomunidad.com\/index.php\/wp-json\/wp\/v2\/posts\/3163","targetHints":{"allow":["GET"]}}],"collection":[{"href":"https:\/\/elreporterodelacomunidad.com\/index.php\/wp-json\/wp\/v2\/posts"}],"about":[{"href":"https:\/\/elreporterodelacomunidad.com\/index.php\/wp-json\/wp\/v2\/types\/post"}],"author":[{"embeddable":true,"href":"https:\/\/elreporterodelacomunidad.com\/index.php\/wp-json\/wp\/v2\/users\/1"}],"replies":[{"embeddable":true,"href":"https:\/\/elreporterodelacomunidad.com\/index.php\/wp-json\/wp\/v2\/comments?post=3163"}],"version-history":[{"count":0,"href":"https:\/\/elreporterodelacomunidad.com\/index.php\/wp-json\/wp\/v2\/posts\/3163\/revisions"}],"wp:featuredmedia":[{"embeddable":true,"href":"https:\/\/elreporterodelacomunidad.com\/index.php\/wp-json\/wp\/v2\/media\/3164"}],"wp:attachment":[{"href":"https:\/\/elreporterodelacomunidad.com\/index.php\/wp-json\/wp\/v2\/media?parent=3163"}],"wp:term":[{"taxonomy":"category","embeddable":true,"href":"https:\/\/elreporterodelacomunidad.com\/index.php\/wp-json\/wp\/v2\/categories?post=3163"},{"taxonomy":"post_tag","embeddable":true,"href":"https:\/\/elreporterodelacomunidad.com\/index.php\/wp-json\/wp\/v2\/tags?post=3163"}],"curies":[{"name":"wp","href":"https:\/\/api.w.org\/{rel}","templated":true}]}}