{"id":314,"date":"2024-05-02T00:00:00","date_gmt":"2024-05-02T07:00:00","guid":{"rendered":"https:\/\/elreporterodelacomunidad.com\/index.php\/2024\/05\/02\/judicializados-29-presuntos-responsables-de-hechos-de-violencia-en-el-sur-de-sonora\/"},"modified":"2024-05-18T21:57:38","modified_gmt":"2024-05-19T04:57:38","slug":"judicializados-29-presuntos-responsables-de-hechos-de-violencia-en-el-sur-de-sonora","status":"publish","type":"post","link":"https:\/\/elreporterodelacomunidad.com\/index.php\/2024\/05\/02\/judicializados-29-presuntos-responsables-de-hechos-de-violencia-en-el-sur-de-sonora\/","title":{"rendered":"Judicializados 29 presuntos responsables de hechos de violencia en el sur de Sonora"},"content":{"rendered":"<div>La Fiscal\u00eda General de Justicia del Estado de Sonora (FGJES) ha logrado avances significativos en el sur de la entidad en materia de homicidios dolosos, feminicidios, desaparici\u00f3n forzada cometida por particulares y lesiones al judicializar a 29 personas por estos delitos en el sur del estado.<\/div>\n<div><\/div>\n<div>Dichos resultados se han logrado en los municipios de Cajeme, Navojoa, Rosario Tesopaco, Huatabampo y \u00c1lamos, en el mes de abril de 2024 mediante investigaciones efectuadas por esta representaci\u00f3n social.<\/div>\n<div><\/div>\n<div>Se han logrado 14 detenciones por los mencionados delitos, a las que se suman dos sentencias condenatorias por los delitos de homicidios y lesiones, m\u00e1s 12 pendientes por ejecutar y cuyos probables responsables ya se encuentran bajo investigaci\u00f3n.<\/div>\n<div><\/div>\n<div>La Fiscal\u00eda General de Justicia de Estado de Sonora (FGJES) reitera su compromiso con el derecho de acceso a la justicia para las v\u00edctimas, por lo que mantendr\u00e1 las acciones de investigaci\u00f3n que llevan a resultados favorables en materia de delitos de alto impacto.<\/div>\n","protected":false},"excerpt":{"rendered":"<p>Las carpetas de investigaci\u00f3n atendidas en abril son por delitos de homicidios dolosos, feminicidios, desaparici\u00f3n forzada cometida por particulares y lesiones<\/p>\n","protected":false},"author":1,"featured_media":752,"comment_status":"open","ping_status":"open","sticky":false,"template":"","format":"standard","meta":{"footnotes":""},"categories":[32],"tags":[],"class_list":["post-314","post","type-post","status-publish","format-standard","has-post-thumbnail","hentry","category-policiaca"],"_links":{"self":[{"href":"https:\/\/elreporterodelacomunidad.com\/index.php\/wp-json\/wp\/v2\/posts\/314","targetHints":{"allow":["GET"]}}],"collection":[{"href":"https:\/\/elreporterodelacomunidad.com\/index.php\/wp-json\/wp\/v2\/posts"}],"about":[{"href":"https:\/\/elreporterodelacomunidad.com\/index.php\/wp-json\/wp\/v2\/types\/post"}],"author":[{"embeddable":true,"href":"https:\/\/elreporterodelacomunidad.com\/index.php\/wp-json\/wp\/v2\/users\/1"}],"replies":[{"embeddable":true,"href":"https:\/\/elreporterodelacomunidad.com\/index.php\/wp-json\/wp\/v2\/comments?post=314"}],"version-history":[{"count":1,"href":"https:\/\/elreporterodelacomunidad.com\/index.php\/wp-json\/wp\/v2\/posts\/314\/revisions"}],"predecessor-version":[{"id":751,"href":"https:\/\/elreporterodelacomunidad.com\/index.php\/wp-json\/wp\/v2\/posts\/314\/revisions\/751"}],"wp:featuredmedia":[{"embeddable":true,"href":"https:\/\/elreporterodelacomunidad.com\/index.php\/wp-json\/wp\/v2\/media\/752"}],"wp:attachment":[{"href":"https:\/\/elreporterodelacomunidad.com\/index.php\/wp-json\/wp\/v2\/media?parent=314"}],"wp:term":[{"taxonomy":"category","embeddable":true,"href":"https:\/\/elreporterodelacomunidad.com\/index.php\/wp-json\/wp\/v2\/categories?post=314"},{"taxonomy":"post_tag","embeddable":true,"href":"https:\/\/elreporterodelacomunidad.com\/index.php\/wp-json\/wp\/v2\/tags?post=314"}],"curies":[{"name":"wp","href":"https:\/\/api.w.org\/{rel}","templated":true}]}}