{"id":3113,"date":"2024-01-25T00:00:00","date_gmt":"2024-01-25T07:00:00","guid":{"rendered":"https:\/\/elreporterodelacomunidad.com\/index.php\/2024\/01\/25\/detienen-a-pedro-guadalupe-n-por-el-asesinato-de-menor-en-hermosillo\/"},"modified":"2024-05-18T22:59:02","modified_gmt":"2024-05-19T05:59:02","slug":"detienen-a-pedro-guadalupe-n-por-el-asesinato-de-menor-en-hermosillo","status":"publish","type":"post","link":"https:\/\/elreporterodelacomunidad.com\/index.php\/2024\/01\/25\/detienen-a-pedro-guadalupe-n-por-el-asesinato-de-menor-en-hermosillo\/","title":{"rendered":"Detienen a Pedro Guadalupe \u201cN\u201d por el asesinato de menor en Hermosillo&nbsp;"},"content":{"rendered":"<p class=\"MsoNormal\">La Fiscal\u00eda General de Justicia del Estado de Sonora (FGJES) logr\u00f3 que un Juez vinculara a proceso a Pedro Guadalupe \u201cN\u201d por su probable responsabilidad por los delitos de feminicidio y violaci\u00f3n agravada cometidos en perjuicio de una menor de 12 a\u00f1os de edad, de identidad reservada, cuyo cuerpo fue localizado el 22 de enero de 2024 a la orilla de una carretera en el extremo norte de Hermosillo.<\/p>\n<p class=\"MsoNormal\">\n<p class=\"MsoNormal\">La carpeta de investigaci\u00f3n integrada por el agente del Ministerio P\u00fablico de esta representaci\u00f3n social cuenta con s\u00f3lidos medios de prueba que permiten acreditar la probable responsabilidad de Pedro Guadalupe \u201cN\u201d.<\/p>\n<p class=\"MsoNormal\">De acuerdo con la misma, el imputado, vali\u00e9ndose de la relaci\u00f3n de confianza que sosten\u00eda con la v\u00edctima, ya que era amasio de una amiga de la abuela de la menor, con quien la v\u00edctima viv\u00eda; la traslad\u00f3 a bordo de un veh\u00edculo hasta un predio despoblado en el ejido San Pedro el Saucito cerca de las 20:30 horas, donde la viol\u00f3 y posteriormente la estrangul\u00f3.<\/p>\n<p class=\"MsoNormal\">Tras los hechos referidos, el sujeto traslad\u00f3 el cuerpo de la v\u00edctima a un predio despoblado en carretera Mina Pilares Hermosillo-Nogales, donde lo abandon\u00f3 para ser encontrado por terceras personas el 22 de enero de 2024.<\/p>\n<p class=\"MsoNormal\">Diversos testimonios y videos, sumados al hecho de que estudios de ADN permitieron su plena identificaci\u00f3n, hacen posible ubicar al sujeto en modo, tiempo y lugar, por lo que se logr\u00f3 acreditar ante el Juez la probable responsabilidad de los hechos referidos e imputados a Pedro Guadalupe \u201cN\u201d, quien fue vinculado a proceso y por determinaci\u00f3n de la autoridad judicial se le impuso la medida cautelar de prisi\u00f3n preventiva.<\/p>\n","protected":false},"excerpt":{"rendered":"<p>El probable responsable fue capturado en cumplimiento de una orden de aprehensi\u00f3n y vinculado a proceso por un Juez por el delito de feminicidio y violaci\u00f3n agravada.<\/p>\n","protected":false},"author":1,"featured_media":3114,"comment_status":"open","ping_status":"open","sticky":false,"template":"","format":"standard","meta":{"footnotes":""},"categories":[29],"tags":[],"class_list":["post-3113","post","type-post","status-publish","format-standard","has-post-thumbnail","hentry","category-principalsecundaria"],"_links":{"self":[{"href":"https:\/\/elreporterodelacomunidad.com\/index.php\/wp-json\/wp\/v2\/posts\/3113","targetHints":{"allow":["GET"]}}],"collection":[{"href":"https:\/\/elreporterodelacomunidad.com\/index.php\/wp-json\/wp\/v2\/posts"}],"about":[{"href":"https:\/\/elreporterodelacomunidad.com\/index.php\/wp-json\/wp\/v2\/types\/post"}],"author":[{"embeddable":true,"href":"https:\/\/elreporterodelacomunidad.com\/index.php\/wp-json\/wp\/v2\/users\/1"}],"replies":[{"embeddable":true,"href":"https:\/\/elreporterodelacomunidad.com\/index.php\/wp-json\/wp\/v2\/comments?post=3113"}],"version-history":[{"count":1,"href":"https:\/\/elreporterodelacomunidad.com\/index.php\/wp-json\/wp\/v2\/posts\/3113\/revisions"}],"predecessor-version":[{"id":3115,"href":"https:\/\/elreporterodelacomunidad.com\/index.php\/wp-json\/wp\/v2\/posts\/3113\/revisions\/3115"}],"wp:featuredmedia":[{"embeddable":true,"href":"https:\/\/elreporterodelacomunidad.com\/index.php\/wp-json\/wp\/v2\/media\/3114"}],"wp:attachment":[{"href":"https:\/\/elreporterodelacomunidad.com\/index.php\/wp-json\/wp\/v2\/media?parent=3113"}],"wp:term":[{"taxonomy":"category","embeddable":true,"href":"https:\/\/elreporterodelacomunidad.com\/index.php\/wp-json\/wp\/v2\/categories?post=3113"},{"taxonomy":"post_tag","embeddable":true,"href":"https:\/\/elreporterodelacomunidad.com\/index.php\/wp-json\/wp\/v2\/tags?post=3113"}],"curies":[{"name":"wp","href":"https:\/\/api.w.org\/{rel}","templated":true}]}}