{"id":311,"date":"2024-05-03T00:00:00","date_gmt":"2024-05-03T07:00:00","guid":{"rendered":"https:\/\/elreporterodelacomunidad.com\/index.php\/2024\/05\/03\/hace-unison-ultimo-ofrecimiento-al-steus-aumenta-bolsa-economica-que-mejora-salario-y-prestaciones\/"},"modified":"2024-05-18T21:57:34","modified_gmt":"2024-05-19T04:57:34","slug":"hace-unison-ultimo-ofrecimiento-al-steus-aumenta-bolsa-economica-que-mejora-salario-y-prestaciones","status":"publish","type":"post","link":"https:\/\/elreporterodelacomunidad.com\/index.php\/2024\/05\/03\/hace-unison-ultimo-ofrecimiento-al-steus-aumenta-bolsa-economica-que-mejora-salario-y-prestaciones\/","title":{"rendered":"Hace UNISON \u00faltimo ofrecimiento al STEUS; aumenta bolsa econ\u00f3mica que mejora salario y prestaciones."},"content":{"rendered":"<p class=\"MsoNormal\">A trav\u00e9s de un oficio dirigido a la Secretaria General del Sindicato de Trabajadores y Empleados de la Universidad de Sonora, Lourdes Esperanza Tojas Armenta, la instituci\u00f3n hizo llegar este 2 de mayo una nueva propuesta salarial al STEUS que mantiene la huelga desde el pasado 15 de abril.<\/p>\n<p class=\"MsoNormal\">\n<p class=\"MsoNormal\">La propuesta es una bolsa adicional de m\u00e1s de 8 millones de pesos en coadyuvancia con el Gobierno del Estado para sumar un total de 56 millones 840 mil 776.08 de pesos.<\/p>\n<p class=\"MsoNormal\">\u201cLo que permite ofrecer un incremento salarial del 10.09 por ciento para los niveles tabulares del 1 al 5, y de 6.50 por ciento a partir del nivel 6. <\/p>\n<p class=\"MsoNormal\">Adicionalmente, y derivado de la pol\u00edtica salarial, la administraci\u00f3n institucional destinar\u00e1 una bolsa de 4 millones 9 mil 886 pesos, equivalente al 2 por ciento, para ser distribuidas en las cl\u00e1usulas de monto fijo que la Universidad y el STEUS acuerden\u201d, se\u00f1ala el documento.<\/p>\n<p class=\"MsoNormal\">Este es el \u00faltimo ofrecimiento que se hace, en el \u00e1nimo de llegar a una soluci\u00f3n al conflicto de huelga, y evitar mayores afectaciones a las actividades sustantivas de la instituci\u00f3n. <\/p>\n<p class=\"MsoNormal\">Los ofrecimientos econ\u00f3micos realizados superan con mucho lo pactado en cualquier otra revisi\u00f3n salarial contractual de los \u00faltimos a\u00f1os, y ya se lleg\u00f3 al l\u00edmite de las posibilidades presupuestales de la instituci\u00f3n y de los apoyos del gobierno del estado.<\/p>\n<p class=\"MsoNormal\">Invitamos a valorar este esfuerzo y regresar a las actividades laborales institucionales que la sociedad sonorense nos ha confiado, se\u00f1ala la instituci\u00f3n.<\/p>\n","protected":false},"excerpt":{"rendered":"<p>A trav\u00e9s de un oficio dirigido a la Secretaria General del Sindicato de Trabajadores y Empleados de la Universidad de Sonora, Lourdes Esperanza Tojas Armenta, la instituci\u00f3n hizo llegar este 2 de mayo una nueva propuesta salarial al STEUS que mantiene la huelga desde el pasado 15 de abril. La propuesta es una bolsa adicional [&hellip;]<\/p>\n","protected":false},"author":1,"featured_media":746,"comment_status":"open","ping_status":"open","sticky":false,"template":"","format":"standard","meta":{"footnotes":""},"categories":[36],"tags":[],"class_list":["post-311","post","type-post","status-publish","format-standard","has-post-thumbnail","hentry","category-educacion"],"_links":{"self":[{"href":"https:\/\/elreporterodelacomunidad.com\/index.php\/wp-json\/wp\/v2\/posts\/311","targetHints":{"allow":["GET"]}}],"collection":[{"href":"https:\/\/elreporterodelacomunidad.com\/index.php\/wp-json\/wp\/v2\/posts"}],"about":[{"href":"https:\/\/elreporterodelacomunidad.com\/index.php\/wp-json\/wp\/v2\/types\/post"}],"author":[{"embeddable":true,"href":"https:\/\/elreporterodelacomunidad.com\/index.php\/wp-json\/wp\/v2\/users\/1"}],"replies":[{"embeddable":true,"href":"https:\/\/elreporterodelacomunidad.com\/index.php\/wp-json\/wp\/v2\/comments?post=311"}],"version-history":[{"count":1,"href":"https:\/\/elreporterodelacomunidad.com\/index.php\/wp-json\/wp\/v2\/posts\/311\/revisions"}],"predecessor-version":[{"id":745,"href":"https:\/\/elreporterodelacomunidad.com\/index.php\/wp-json\/wp\/v2\/posts\/311\/revisions\/745"}],"wp:featuredmedia":[{"embeddable":true,"href":"https:\/\/elreporterodelacomunidad.com\/index.php\/wp-json\/wp\/v2\/media\/746"}],"wp:attachment":[{"href":"https:\/\/elreporterodelacomunidad.com\/index.php\/wp-json\/wp\/v2\/media?parent=311"}],"wp:term":[{"taxonomy":"category","embeddable":true,"href":"https:\/\/elreporterodelacomunidad.com\/index.php\/wp-json\/wp\/v2\/categories?post=311"},{"taxonomy":"post_tag","embeddable":true,"href":"https:\/\/elreporterodelacomunidad.com\/index.php\/wp-json\/wp\/v2\/tags?post=311"}],"curies":[{"name":"wp","href":"https:\/\/api.w.org\/{rel}","templated":true}]}}