{"id":3068,"date":"2024-01-26T00:00:00","date_gmt":"2024-01-26T07:00:00","guid":{"rendered":"https:\/\/elreporterodelacomunidad.com\/index.php\/2024\/01\/26\/lucha-anticorrupcion-en-sonora-van-cerca-de-800-expendientes-contra-exfuncionarios\/"},"modified":"2024-01-26T00:00:00","modified_gmt":"2024-01-26T07:00:00","slug":"lucha-anticorrupcion-en-sonora-van-cerca-de-800-expendientes-contra-exfuncionarios","status":"publish","type":"post","link":"https:\/\/elreporterodelacomunidad.com\/index.php\/2024\/01\/26\/lucha-anticorrupcion-en-sonora-van-cerca-de-800-expendientes-contra-exfuncionarios\/","title":{"rendered":"Lucha anticorrupci\u00f3n en Sonora: Van cerca de 800 expendientes contra exfuncionarios"},"content":{"rendered":"<p class=\"MsoNormal\">Adem\u00e1s de Aldo \u201cN\u201d, expresidente magistrado del Tribunal de Justicia Administrativa, quien est\u00e1 bajo proceso por presunto enriquecimiento il\u00edcito, durante la actual administraci\u00f3n estatal se le ha echado el guante a varios funcionarios o ex funcionarios en lo que va de su administraci\u00f3n.<\/p>\n<p class=\"MsoNormal\">En un somero recuento de los casos ventilados medi\u00e1ticamente encontramos al menos 12 exfuncionarios sujetos a proceso durante la actual administraci\u00f3n estatal.<\/p>\n<p class=\"MsoNormal\">En M\u00e9xico, el 73.8% de las personas mayores de 18 a\u00f1os consideran que los gobiernos estatales son escenario frecuente de actos de corrupci\u00f3n.<\/p>\n<p class=\"MsoNormal\">El 16.9% de la poblaci\u00f3n mayor de 18 a\u00f1os de Sonora en particular inform\u00f3 que ha sido v\u00edctima de alg\u00fan acto de corrupci\u00f3n, seg\u00fan datos de la Encuesta Nacional de Calidad e Impacto Gubernamental de 2021, del Inegi.<\/p>\n<p class=\"MsoNormal\">Este mismo estudio muestra que la prevalencia de corrupci\u00f3n experimentada por personas mayores de 18 a\u00f1os se increment\u00f3 de 5.1% en 2013 a m\u00e1s de tres veces en el 2021 con una prevalencia de 16.9%.<\/p>\n<p class=\"MsoNormal\">En cuanto a los casos ventilados en prensa, por ejemplo, el 02 de diciembre de 2022, la Fiscal\u00eda Anticorrupci\u00f3n del Estado de Sonora inform\u00f3 que a esa fecha llevaba 28 carpetas de investigaci\u00f3n en contra de 26 particulares, 9 notarios p\u00fablicos, un servidor p\u00fablico y una persona moral relacionados con un fraude inmobiliario que ejecutado a lo largo de diferentes gobiernos y administraciones.<\/p>\n<p class=\"MsoNormal\">Rogelio L\u00f3pez Garc\u00eda, fiscal Anticorrupci\u00f3n, explic\u00f3 entonces que desde su gesti\u00f3n se han ejecutado 4 \u00f3rdenes de aprehensi\u00f3n a notarios p\u00fablicos, personas f\u00edsicas y servidores p\u00fablicos adem\u00e1s de 7 cateos a notar\u00edas y domicilios privados, dando como resultado 11 vinculaciones a proceso en el proceso penal por delitos como falsificaci\u00f3n de documentos, sello y firmas, fraude, abuso de autoridad y usurpaci\u00f3n de identidad.<\/p>\n<p class=\"MsoNormal\">El 24 de enero de 2023, un funcionario estatal que realizaba actividades administrativas en el Isssteson, en el municipio de Guaymas, fue aprehendido y retirado de su cargo por presentar un t\u00edtulo falso, seg\u00fan inform\u00f3 Guillermo Noriega Esparza.<\/p>\n<p class=\"MsoNormal\">El contralor general de la entidad mencion\u00f3 que la aprehensi\u00f3n fue por parte de elementos de la Fiscal\u00eda Anticorrupci\u00f3n del Estado de Sonora (FAS), al detectar que sus documentos no eran originales, por lo que tambi\u00e9n se le inhabilit\u00f3, adem\u00e1s de abrirle proceso penal.<\/p>\n<p class=\"MsoNormal\">El 21 de marzo de 2023 se anunci\u00f3 el cese definitivo de 6 funcionarios p\u00fablicos relacionados con la licitaci\u00f3n irregular de los libros de texto para el Cecytes y la renuncia de su titular, quien tambi\u00e9n estaba bajo investigaci\u00f3n.<\/p>\n<p class=\"MsoNormal\">En este caso se realizaron tres diligencias: una por la Fiscal\u00eda General de Justicia del Estado en relaci\u00f3n a la presunta falsificaci\u00f3n de una firma en un contrato; otra por la FAS por el posible uso de una empresa &#8220;fachada&#8221; y una m\u00e1s realizada por la Contralor\u00eda Sonora, para determinar la cadena de responsabilidades de los diferentes servidores p\u00fablicos involucrados.<\/p>\n<p class=\"MsoNormal\">El 26 de junio de 2023, la FAS detuvo a tres exfuncionarios de la Secretar\u00eda de Salud de Claudia Pavlovich, acusados de un quebranto por 59 millones de pesos contra la dependencia estatal.<\/p>\n<p class=\"MsoNormal\">Intentando cruzar a Estados Unidos, fue atrapado el ex administrador de la dependencia estatal Carlos \u201cN\u201d por presunto delito de abuso de autoridad. Tambi\u00e9n fueron detenidos por el mismo caso, Juan &#8220;N&#8221; y Lizbeth &#8220;N&#8221;, a quienes se les vincul\u00f3 a proceso por los delitos de abuso de autoridad e incumplimiento del deber legal.<\/p>\n<p class=\"MsoNormal\">\u00bfQu\u00e9 sanci\u00f3n se impone al enriquecimiento il\u00edcito?<\/p>\n<p class=\"MsoNormal\">En el caso m\u00e1s reciente y notorio, el 24 de enero de 2024 fue vinculado a proceso, por el supuesto delito de enriquecimiento il\u00edcito, el ex magistrado del Tribunal de Justicia Administrativa, Aldo \u201cN\u201d, quien fue recluido en el Centro de Reinserci\u00f3n Social (Cereso) de Hermosillo.<\/p>\n<p class=\"MsoNormal\">La Fiscal\u00eda de Sonora indic\u00f3 que espera concluya el plazo de investigaciones complementarias, para dar paso a las audiencias correspondientes.<\/p>\n<p class=\"MsoNormal\">El ex funcionario estatal fue detenido el pasado 18 de enero por agentes de la AMIC y d\u00edas despu\u00e9s se le impuso prisi\u00f3n preventiva justificada como medida cautelar por parte de un Juez de Control.<\/p>\n<p class=\"MsoNormal\">En relaci\u00f3n al delito de enriquecimiento il\u00edcito, el C\u00f3digo Penal de Sonora en su Art\u00edculo 192 establece que \u201cincurre en enriquecimiento il\u00edcito, el servidor p\u00fablico que no pudiere acreditar el leg\u00edtimo aumento de su patrimonio o la leg\u00edtima procedencia de los bienes a su nombre o de aquellos respecto de los cuales se conduzca como due\u00f1o, en los t\u00e9rminos de la Ley de Responsabilidades de los Servidores P\u00fablicos del Estado y de los Municipios.<\/p>\n<p class=\"MsoNormal\">\u201cEs responsable, igualmente, quien haga figurar como suyos, bienes que el servidor p\u00fablico adquiera o haya adquirido en contravenci\u00f3n de lo dispuesto en la misma ley, a sabiendas de esta circunstancia.<\/p>\n<p class=\"MsoNormal\">\u201cAl que cometa el delito de enriquecimiento il\u00edcito se le impondr\u00e1n las siguientes sanciones:<\/p>\n<p class=\"MsoNormal\">\u201cDecomiso en beneficio del Estado o del Municipio, seg\u00fan corresponda, de aquellos bienes cuya procedencia no se logre acreditar de acuerdo con la Ley de Responsabilidades de los Servidores P\u00fablicos del Estado y de los Municipios.<\/p>\n<p class=\"MsoNormal\">\u201cSe le aplicar\u00e1 adem\u00e1s, prisi\u00f3n de uno a nueve a\u00f1os, multa de veinte a doscientas Unidades de Medida y Actualizaci\u00f3n y destituci\u00f3n, en su caso, e inhabilitaci\u00f3n de uno a nueve a\u00f1os, para desempe\u00f1ar otro empleo, cargo o comisi\u00f3n p\u00fablicos.<\/p>\n<p class=\"MsoNormal\">Casi 800 expedientes<\/p>\n<p class=\"MsoNormal\">El primero de agosto de 2023, a trav\u00e9s de El Sol de Hermosillo se inform\u00f3 que en casi dos a\u00f1os, la Fiscal\u00eda Anticorrupci\u00f3n de Sonora (FAS) ha concentrado 787 expedientes en tr\u00e1mite de denuncias relacionadas con presuntos actos de corrupci\u00f3n por parte de funcionarios p\u00fablicos.<\/p>\n<p class=\"MsoNormal\">Con base a informaci\u00f3n proporcionada por la propia instancia, se obtuvo que del 13 de septiembre de 2021 al 30 de junio de 2023 se han conformado carpetas relacionadas con posibles actos irregulares de ex servidores p\u00fablicos que han incumplido con su obligaci\u00f3n dentro de las dependencias estatales o en alguno de los 72 ayuntamientos.<\/p>\n<p class=\"MsoNormal\">Los delitos de corrupci\u00f3n m\u00e1s comunes registrados van desde abuso de autoridad e incumplimiento de deber legal, peculado, ejercicio indebido o abandono del servicio p\u00fablico, uso indebido de atribuciones, cohecho, entre otros.<\/p>\n<p class=\"MsoNormal\">En el periodo mencionado se han ejecutado 23 \u00f3rdenes de aprehensi\u00f3n hacia personajes a los que se les relacion\u00f3 con su presunta participaci\u00f3n en actos de corrupci\u00f3n, aunque no se revelaron cantidades que fueron sustra\u00eddas o mal utilizadas del erario.<\/p>\n<p class=\"MsoNormal\">Se ha dado una detenci\u00f3n en flagrancia hacia una persona que form\u00f3 parte del sexenio de la exgobernadora Claudia Pavlovich Arellano, a quien se le inhabilit\u00f3 por 10 a\u00f1os, adem\u00e1s de aplicarle una sanci\u00f3n penal.<\/p>\n<p class=\"MsoNormal\">Tambi\u00e9n se han concretado 10 sentencias condenatorias y 77 vinculaciones a proceso a ex servidores p\u00fablicos que laboraron entre 2015 y 2021.<\/p>\n<p class=\"MsoNormal\">Informaci\u00f3n El Sol de Hermosillo.<\/p>\n","protected":false},"excerpt":{"rendered":"<p>En caso m\u00e1s reciente es la detenci\u00f3n de Aldo \u201cN\u201d, exmagistrado del Tribunal de Justicia Administrativa, por presunto enriquecimiento il\u00edcito.&nbsp;<\/p>\n","protected":false},"author":1,"featured_media":3069,"comment_status":"open","ping_status":"open","sticky":false,"template":"","format":"standard","meta":{"footnotes":""},"categories":[29],"tags":[],"class_list":["post-3068","post","type-post","status-publish","format-standard","has-post-thumbnail","hentry","category-principalsecundaria"],"_links":{"self":[{"href":"https:\/\/elreporterodelacomunidad.com\/index.php\/wp-json\/wp\/v2\/posts\/3068","targetHints":{"allow":["GET"]}}],"collection":[{"href":"https:\/\/elreporterodelacomunidad.com\/index.php\/wp-json\/wp\/v2\/posts"}],"about":[{"href":"https:\/\/elreporterodelacomunidad.com\/index.php\/wp-json\/wp\/v2\/types\/post"}],"author":[{"embeddable":true,"href":"https:\/\/elreporterodelacomunidad.com\/index.php\/wp-json\/wp\/v2\/users\/1"}],"replies":[{"embeddable":true,"href":"https:\/\/elreporterodelacomunidad.com\/index.php\/wp-json\/wp\/v2\/comments?post=3068"}],"version-history":[{"count":0,"href":"https:\/\/elreporterodelacomunidad.com\/index.php\/wp-json\/wp\/v2\/posts\/3068\/revisions"}],"wp:featuredmedia":[{"embeddable":true,"href":"https:\/\/elreporterodelacomunidad.com\/index.php\/wp-json\/wp\/v2\/media\/3069"}],"wp:attachment":[{"href":"https:\/\/elreporterodelacomunidad.com\/index.php\/wp-json\/wp\/v2\/media?parent=3068"}],"wp:term":[{"taxonomy":"category","embeddable":true,"href":"https:\/\/elreporterodelacomunidad.com\/index.php\/wp-json\/wp\/v2\/categories?post=3068"},{"taxonomy":"post_tag","embeddable":true,"href":"https:\/\/elreporterodelacomunidad.com\/index.php\/wp-json\/wp\/v2\/tags?post=3068"}],"curies":[{"name":"wp","href":"https:\/\/api.w.org\/{rel}","templated":true}]}}