{"id":3004,"date":"2024-01-30T00:00:00","date_gmt":"2024-01-30T07:00:00","guid":{"rendered":"https:\/\/elreporterodelacomunidad.com\/index.php\/2024\/01\/30\/no-es-lo-mismo-burocrata-que-politico-beltrones-2\/"},"modified":"2024-01-30T00:00:00","modified_gmt":"2024-01-30T07:00:00","slug":"no-es-lo-mismo-burocrata-que-politico-beltrones-2","status":"publish","type":"post","link":"https:\/\/elreporterodelacomunidad.com\/index.php\/2024\/01\/30\/no-es-lo-mismo-burocrata-que-politico-beltrones-2\/","title":{"rendered":"<b>No es lo mismo bur\u00f3crata que pol\u00edtico: Beltrones<\/b>"},"content":{"rendered":"<p class=\"MsoNormal\" style=\"text-align:justify\">En todo su apogeo las campa\u00f1as pol\u00edticas en Sonora y en M\u00e9xico, algunos dir\u00e1n que todav\u00eda no son los tiempos, pero los tiempos ya empezaron a la llegada del presidente Andr\u00e9s Manuel L\u00f3pez Obrador.<\/p>\n<p class=\"MsoNormal\" style=\"text-align:justify\">En la entidad, han salido muchos \u201cinteresados\u201d y apuntados en participar en esa jornada electoral 2024, pero \u00bfrealmente est\u00e1n capacitados o preparados para ello?. Personas que salieron de la nada o que eran conocidos fuera de la funci\u00f3n p\u00fablica y de repente, cuenta con un puesto en el Gobierno. <\/p>\n<p class=\"MsoNormal\" style=\"text-align:justify\">O esos que nombraron jefes o directores de las \u00e1reas de comunicaci\u00f3n social que ni los conocen y tampoco son para tomarse el tiempo o bajan de su ladrillo y llamar a los representantes de medios de comunicaci\u00f3n.<\/p>\n<p class=\"MsoNormal\" style=\"text-align:justify\">El ex gobernador de Sonora, Manlio Fabio Beltrones Rivera, en una platica que sostuvo con el amigo Luis Alberto Medina en Proyecto Puente, afirm\u00f3 que no es lo mismo ser bur\u00f3crata que pol\u00edtico.<\/p>\n<p class=\"MsoNormal\" style=\"text-align:justify\">Palabras m\u00e1s, palabras menos, coment\u00f3 que la pol\u00edtica es un ejercicio noble, pero tambi\u00e9n desprestigiado por quienes pensaron que ocupar un espacio en el gobierno los convertir\u00eda en ello. No es lo mismo ser bur\u00f3crata que pol\u00edtico.<\/p>\n<p class=\"MsoNormal\" style=\"text-align:justify\">\u201cEn algunas ocasiones se confunden quienes piensan que son pol\u00edticos porque les dieron un cargo en el gobierno y lo ejercen mal\u201d. Llegan a desprestigiar este noble oficio, la pol\u00edtica es todo un arte y no se aceptan improvisados. As\u00ed de claro fue Beltrones Rivera.<\/p>\n<p class=\"MsoNormal\" style=\"text-align:justify\">Ahora se habla y rumora la salida de funcionarios del deporte estatal para contender por un puesto de elecci\u00f3n popular, como si estar dos o tres a\u00f1os en el gobierno, los hacen capaces y merecedores de seguir en la ubre presupuestal.<\/p>\n<p class=\"MsoNormal\" style=\"text-align:justify\">Si a los que tienen m\u00e1s experiencia, como Mar\u00eda Dolores del R\u00edo, ex directora de seguridad p\u00fablica en Sonora, la bajan de una senadur\u00eda o diputaci\u00f3n federal para que busque la alcald\u00eda, imag\u00ednense los inexpertos que papel tendr\u00e1n.<\/p>\n<p class=\"MsoNormal\" style=\"text-align:justify\">Se habla que, Mar\u00eda Dolores del R\u00edo, sale del gobierno del estado no para ser alcaldesa, sino como una manera m\u00e1s digna de sacarla de la jugada por la falta de resultados. Sin duda muy duro camino cuesta arriba que tendr\u00e1 ante el actual alcalde Antonio Astiazar\u00e1n, quien buscar\u00e1 la reelecci\u00f3n.<\/p>\n<p class=\"MsoNormal\" style=\"text-align:justify\"><b>Anuncian primer Medio Marat\u00f3n 21K-ino Run<\/b><\/p>\n<p class=\"MsoNormal\" style=\"text-align:justify\">El director del Instituto del Deporte de Hermosillo (IDH), Armando Labrada Garc\u00eda, inicio el a\u00f1o con toda la carne al asador, y en esta ocasi\u00f3n, junto al incansable promotor Abel L\u00f3pez, anunci\u00f3 el primer Medio Marat\u00f3n 21K-ino Run, en Bah\u00eda de Kino, a realizarse el pr\u00f3ximo domingo 25 de febrero.<\/p>\n<p class=\"MsoNormal\" style=\"text-align:justify\">El evento, informaron, cumplir\u00e1 tres objetivos: hacer deporte, atraer turismo y una carrera con causa para el fondo para el deporte, mediante el cual al momento se han apoyado a 38 deportistas hermosillenses.<\/p>\n<p class=\"MsoNormal\" style=\"text-align:justify\">Abel L\u00f3pez, explic\u00f3 que la competencia surgi\u00f3 no s\u00f3lo para recorrer larga distancia, sino que tambi\u00e9n ser\u00e1 de 10, 5, y 2 kil\u00f3metros, as\u00ed como carreras recreativas e infantiles, con la salida y meta en Kino M\u00e1gico.<\/p>\n<p class=\"MsoNormal\" style=\"text-align:justify\"><b>Lista Unidad Deportiva Norberto Ortega, invierten 861 mil pesos<\/b><\/p>\n<p class=\"MsoNormal\" style=\"text-align:justify\">Siguiendo con la agenda deportiva de Hermosillo, el alcalde To\u00f1o Astiazar\u00e1n confirm\u00f3 que la pr\u00f3xima unidad deportiva rehabilitada a entregar ser\u00e1 la ubicada en<\/p>\n<p class=\"MsoNormal\" style=\"text-align:justify\">la colonia Norberto Ortega.<\/p>\n<p class=\"MsoNormal\" style=\"text-align:justify\">Actualmente tiene un avance del 70% y se reemplazar\u00e1 el pasto sint\u00e9tico, se rehabilitar\u00e1 el cerco perimentral y se entregar\u00e1 material deportivo a los equipos. Todo con una inversi\u00f3n superior a los 800 mil pesos.<\/p>\n<p class=\"MsoNormal\" style=\"text-align:justify\"><b>Transmitir\u00e1n juegos de M\u00e9xico en Serie del Caribe en la Plaza Zaragoza<\/b><\/p>\n<p class=\"MsoNormal\" style=\"text-align:justify\">Ya ambientados en la fiesta de la Serie del Caribe que se realiza en Miami, Florida, la directora de Desarrollo Tur\u00edstico de Hermosillo, Fernanda Cisneros Rodr\u00edguez, anunci\u00f3 que colocar\u00e1n pantallas en la Plaza Zaragoza, para que la afici\u00f3n al beisbol, disfrute los juegos de M\u00e9xico contra Puerto Rico y Rep\u00fablica Dominicana en la Serie del Caribe.<\/p>\n<p class=\"MsoNormal\" style=\"text-align:justify\">Viernes 2 de febrero- 18:30 horas M\u00e9xico- Puerto Rico<\/p>\n<p class=\"MsoNormal\" style=\"text-align:justify\">Domingo 4 de febrero- 18:30 horas M\u00e9xico- Rep\u00fablica Dominicana<\/p>\n<p class=\"MsoNormal\"><b>Por hoy es todo, s\u00edgueme en:<\/b><\/p>\n<p class=\"MsoNormal\">www.elreporterodelacomunidad.com<\/p>\n<p class=\"MsoNormal\">Twitter: @npdeportes1<\/p>\n<p class=\"MsoNormal\">Instagram: npdeportesoficial<\/p>\n<p class=\"MsoNormal\">Tik Tok: npdeportes<\/p>\n<p class=\"MsoNormal\">Youtube: NPDeportes<\/p>\n<p class=\"MsoNormal\">Whatsapp: 6622217136<\/p>\n","protected":false},"excerpt":{"rendered":"<p>En todo su apogeo las campa\u00f1as pol\u00edticas en Sonora y en M\u00e9xico, algunos dir\u00e1n que todav\u00eda no son los tiempos, pero los tiempos ya empezaron a la llegada del presidente Andr\u00e9s Manuel L\u00f3pez Obrador. En la entidad, han salido muchos \u201cinteresados\u201d y apuntados en participar en esa jornada electoral 2024, pero \u00bfrealmente est\u00e1n capacitados o [&hellip;]<\/p>\n","protected":false},"author":1,"featured_media":3003,"comment_status":"open","ping_status":"open","sticky":false,"template":"","format":"standard","meta":{"footnotes":""},"categories":[47],"tags":[],"class_list":["post-3004","post","type-post","status-publish","format-standard","has-post-thumbnail","hentry","category-columnas"],"_links":{"self":[{"href":"https:\/\/elreporterodelacomunidad.com\/index.php\/wp-json\/wp\/v2\/posts\/3004","targetHints":{"allow":["GET"]}}],"collection":[{"href":"https:\/\/elreporterodelacomunidad.com\/index.php\/wp-json\/wp\/v2\/posts"}],"about":[{"href":"https:\/\/elreporterodelacomunidad.com\/index.php\/wp-json\/wp\/v2\/types\/post"}],"author":[{"embeddable":true,"href":"https:\/\/elreporterodelacomunidad.com\/index.php\/wp-json\/wp\/v2\/users\/1"}],"replies":[{"embeddable":true,"href":"https:\/\/elreporterodelacomunidad.com\/index.php\/wp-json\/wp\/v2\/comments?post=3004"}],"version-history":[{"count":0,"href":"https:\/\/elreporterodelacomunidad.com\/index.php\/wp-json\/wp\/v2\/posts\/3004\/revisions"}],"wp:featuredmedia":[{"embeddable":true,"href":"https:\/\/elreporterodelacomunidad.com\/index.php\/wp-json\/wp\/v2\/media\/3003"}],"wp:attachment":[{"href":"https:\/\/elreporterodelacomunidad.com\/index.php\/wp-json\/wp\/v2\/media?parent=3004"}],"wp:term":[{"taxonomy":"category","embeddable":true,"href":"https:\/\/elreporterodelacomunidad.com\/index.php\/wp-json\/wp\/v2\/categories?post=3004"},{"taxonomy":"post_tag","embeddable":true,"href":"https:\/\/elreporterodelacomunidad.com\/index.php\/wp-json\/wp\/v2\/tags?post=3004"}],"curies":[{"name":"wp","href":"https:\/\/api.w.org\/{rel}","templated":true}]}}