{"id":29704,"date":"2026-05-01T18:24:23","date_gmt":"2026-05-02T01:24:23","guid":{"rendered":"https:\/\/elreporterodelacomunidad.com\/?p=29704"},"modified":"2026-05-01T18:24:31","modified_gmt":"2026-05-02T01:24:31","slug":"mas-de-25-mil-trabajadores-marchan-en-hermosillo-por-el-dia-del-trabajo","status":"publish","type":"post","link":"https:\/\/elreporterodelacomunidad.com\/index.php\/2026\/05\/01\/mas-de-25-mil-trabajadores-marchan-en-hermosillo-por-el-dia-del-trabajo\/","title":{"rendered":"M\u00e1s de 25 mil trabajadores marchan en Hermosillo por el D\u00eda del Trabajo"},"content":{"rendered":"\n<p>Diversos gremios aprovecharon el espacio para visibilizar necesidades relacionadas con mejores condiciones laborales, incrementos salariales, seguridad social y respeto a los derechos de las y los trabajadores.<\/p>\n\n\n\n<p>Hermosillo, Sonora a 01 de mayo de 2026.- Con la participaci\u00f3n de m\u00e1s de 25 mil personas, este primero de mayo se llev\u00f3 a cabo el tradicional desfile del D\u00eda del Trabajo en Hermosillo, donde trabajadores de distintos sindicatos, empresas y organismos salieron a las calles para manifestar sus demandas laborales.<\/p>\n\n\n\n<p>El contingente inici\u00f3 alrededor de las 8:30 horas sobre la avenida Rosales, avanzando por el primer cuadro de la ciudad en medio de consignas, pancartas y expresiones de exigencia dirigidas a autoridades y empleadores.<\/p>\n\n\n\n<p>Durante el recorrido, los diversos gremios aprovecharon el espacio para visibilizar necesidades relacionadas con mejores condiciones laborales, incrementos salariales, seguridad social y respeto a los derechos de las y los trabajadores.<\/p>\n\n\n\n<p>Algunos contingentes tambi\u00e9n expusieron problem\u00e1ticas espec\u00edficas de sus sectores, mientras que otros se pronunciaron por la defensa de conquistas laborales y la mejora en prestaciones.<\/p>\n\n\n\n<p>El desfile transcurri\u00f3 con orden y bajo resguardo de elementos de seguridad, quienes implementaron un operativo vial para facilitar el paso de los participantes y prevenir incidentes.<\/p>\n\n\n\n<p>Familias hermosillenses se dieron cita a lo largo del recorrido para observar el paso de los contingentes, en una jornada que, adem\u00e1s de conmemorar la lucha obrera, sirvi\u00f3 como espacio de expresi\u00f3n colectiva.<\/p>\n\n\n\n<p>Autoridades reiteraron el llamado a mantener el respeto y la civilidad durante este tipo de manifestaciones, destacando la importancia del di\u00e1logo para atender las demandas del sector laboral en la entidad.<\/p>\n\n\n\n<p>En algunos puntos del recorrido, los participantes realizaron breves pausas para reforzar sus consignas y hacer entrega simb\u00f3lica de pliegos petitorios, insistiendo en la necesidad de ser escuchados por las autoridades y lograr avances concretos en sus condiciones laborales.<\/p>\n","protected":false},"excerpt":{"rendered":"<p>Diversos gremios aprovecharon el espacio para visibilizar necesidades relacionadas con mejores condiciones laborales, incrementos salariales, seguridad social y respeto a los derechos de las y los trabajadores. Hermosillo, Sonora a 01 de mayo de 2026.- Con la participaci\u00f3n de m\u00e1s de 25 mil personas, este primero de mayo se llev\u00f3 a cabo el tradicional desfile [&hellip;]<\/p>\n","protected":false},"author":1,"featured_media":29705,"comment_status":"open","ping_status":"open","sticky":false,"template":"","format":"standard","meta":{"footnotes":""},"categories":[42],"tags":[],"class_list":["post-29704","post","type-post","status-publish","format-standard","has-post-thumbnail","hentry","category-economia"],"_links":{"self":[{"href":"https:\/\/elreporterodelacomunidad.com\/index.php\/wp-json\/wp\/v2\/posts\/29704","targetHints":{"allow":["GET"]}}],"collection":[{"href":"https:\/\/elreporterodelacomunidad.com\/index.php\/wp-json\/wp\/v2\/posts"}],"about":[{"href":"https:\/\/elreporterodelacomunidad.com\/index.php\/wp-json\/wp\/v2\/types\/post"}],"author":[{"embeddable":true,"href":"https:\/\/elreporterodelacomunidad.com\/index.php\/wp-json\/wp\/v2\/users\/1"}],"replies":[{"embeddable":true,"href":"https:\/\/elreporterodelacomunidad.com\/index.php\/wp-json\/wp\/v2\/comments?post=29704"}],"version-history":[{"count":1,"href":"https:\/\/elreporterodelacomunidad.com\/index.php\/wp-json\/wp\/v2\/posts\/29704\/revisions"}],"predecessor-version":[{"id":29706,"href":"https:\/\/elreporterodelacomunidad.com\/index.php\/wp-json\/wp\/v2\/posts\/29704\/revisions\/29706"}],"wp:featuredmedia":[{"embeddable":true,"href":"https:\/\/elreporterodelacomunidad.com\/index.php\/wp-json\/wp\/v2\/media\/29705"}],"wp:attachment":[{"href":"https:\/\/elreporterodelacomunidad.com\/index.php\/wp-json\/wp\/v2\/media?parent=29704"}],"wp:term":[{"taxonomy":"category","embeddable":true,"href":"https:\/\/elreporterodelacomunidad.com\/index.php\/wp-json\/wp\/v2\/categories?post=29704"},{"taxonomy":"post_tag","embeddable":true,"href":"https:\/\/elreporterodelacomunidad.com\/index.php\/wp-json\/wp\/v2\/tags?post=29704"}],"curies":[{"name":"wp","href":"https:\/\/api.w.org\/{rel}","templated":true}]}}