{"id":29701,"date":"2026-05-01T18:20:18","date_gmt":"2026-05-02T01:20:18","guid":{"rendered":"https:\/\/elreporterodelacomunidad.com\/?p=29701"},"modified":"2026-05-01T18:20:22","modified_gmt":"2026-05-02T01:20:22","slug":"deja-su-cargo-francisco-sergio-mendez-delegado-de-la-fgr-de-sonora-tras-cinco-anos-al-frente","status":"publish","type":"post","link":"https:\/\/elreporterodelacomunidad.com\/index.php\/2026\/05\/01\/deja-su-cargo-francisco-sergio-mendez-delegado-de-la-fgr-de-sonora-tras-cinco-anos-al-frente\/","title":{"rendered":"Deja su cargo Francisco Sergio M\u00e9ndez delegado de la FGR de Sonora tras cinco a\u00f1os al frente"},"content":{"rendered":"\n<p>La Fiscal\u00eda General de la Rep\u00fablica en Sonora confirm\u00f3 la salida de su delegado, queda en su lugar, Daniel Valdez Vera qued\u00f3 como encargado de despacho.<\/p>\n\n\n\n<p>Hermosillo, Sonora a 01 de mayo de 2026.- La delegaci\u00f3n En Sonora de la Fiscal\u00eda General de la Rep\u00fablica (FGR), confirm\u00f3 la salida de Francisco Sergio M\u00e9ndez como titular de la dependencia federal, luego de desempe\u00f1arse en el cargo durante casi cinco a\u00f1os.<\/p>\n\n\n\n<p>De acuerdo con informaci\u00f3n oficial de la propia dependencia compartida a El Sol de Hermosillo, este viernes 1 de mayo el ahora ex delegado habr\u00eda cumplido cinco a\u00f1os al frente de la instituci\u00f3n, per\u00edodo en el que encabez\u00f3 diversas acciones en materia de procuraci\u00f3n de justicia federal.<\/p>\n\n\n\n<p>Tras la salida de Francisco Sergio Mendez y sin precisar el motivo de la misma, la instituci\u00f3n inform\u00f3 que Daniel Valdez Vera asume la responsabilidad como encargado de despacho, anteriormente se desempe\u00f1aba como Fiscal en Jefe dentro de la misma delegaci\u00f3n.<\/p>\n\n\n\n<p>Hasta el momento, no se ha establecido una fecha para el nombramiento de un nuevo fiscal federal en Sonora, ya que este proceso corresponde directamente a las autoridades del \u00e1mbito federal de la Fiscal\u00eda General de la Rep\u00fablica.<\/p>\n\n\n\n<p>Cabe recordar que durante la gesti\u00f3n de Sergio M\u00e9ndez particip\u00f3 en m\u00faltiples operativos y eventos relacionados con el decomiso, as\u00ed como destrucci\u00f3n de narc\u00f3ticos, as\u00ed como de armamento y equipo asegurado a grupos delictivos en la entidad.<\/p>\n\n\n\n<p>Entre estas acciones destacaron tambi\u00e9n el desmantelamiento de veh\u00edculos blindados de fabricaci\u00f3n artesanal, m\u00e1quinas tragamonedas y otros objetos vinculados a actividades il\u00edcitas.<\/p>\n\n\n\n<p>Asimismo, el exdelegado emiti\u00f3 posicionamientos sobre operativos coordinados con autoridades estatales y municipales, enfocados en el combate a delitos federales en distintas regiones de Sonora.<\/p>\n\n\n\n<p>Abord\u00f3 temas como el reclutamiento de menores por parte de la delincuencia organizada, adem\u00e1s de hacer llamados a padres de familia para reforzar la vigilancia y prevenci\u00f3n de adicciones, particularmente ante el riesgo del consumo de sustancias como el fentanilo.<\/p>\n","protected":false},"excerpt":{"rendered":"<p>La Fiscal\u00eda General de la Rep\u00fablica en Sonora confirm\u00f3 la salida de su delegado, queda en su lugar, Daniel Valdez Vera qued\u00f3 como encargado de despacho. Hermosillo, Sonora a 01 de mayo de 2026.- La delegaci\u00f3n En Sonora de la Fiscal\u00eda General de la Rep\u00fablica (FGR), confirm\u00f3 la salida de Francisco Sergio M\u00e9ndez como titular [&hellip;]<\/p>\n","protected":false},"author":1,"featured_media":29702,"comment_status":"open","ping_status":"open","sticky":false,"template":"","format":"standard","meta":{"footnotes":""},"categories":[32],"tags":[],"class_list":["post-29701","post","type-post","status-publish","format-standard","has-post-thumbnail","hentry","category-policiaca"],"_links":{"self":[{"href":"https:\/\/elreporterodelacomunidad.com\/index.php\/wp-json\/wp\/v2\/posts\/29701","targetHints":{"allow":["GET"]}}],"collection":[{"href":"https:\/\/elreporterodelacomunidad.com\/index.php\/wp-json\/wp\/v2\/posts"}],"about":[{"href":"https:\/\/elreporterodelacomunidad.com\/index.php\/wp-json\/wp\/v2\/types\/post"}],"author":[{"embeddable":true,"href":"https:\/\/elreporterodelacomunidad.com\/index.php\/wp-json\/wp\/v2\/users\/1"}],"replies":[{"embeddable":true,"href":"https:\/\/elreporterodelacomunidad.com\/index.php\/wp-json\/wp\/v2\/comments?post=29701"}],"version-history":[{"count":1,"href":"https:\/\/elreporterodelacomunidad.com\/index.php\/wp-json\/wp\/v2\/posts\/29701\/revisions"}],"predecessor-version":[{"id":29703,"href":"https:\/\/elreporterodelacomunidad.com\/index.php\/wp-json\/wp\/v2\/posts\/29701\/revisions\/29703"}],"wp:featuredmedia":[{"embeddable":true,"href":"https:\/\/elreporterodelacomunidad.com\/index.php\/wp-json\/wp\/v2\/media\/29702"}],"wp:attachment":[{"href":"https:\/\/elreporterodelacomunidad.com\/index.php\/wp-json\/wp\/v2\/media?parent=29701"}],"wp:term":[{"taxonomy":"category","embeddable":true,"href":"https:\/\/elreporterodelacomunidad.com\/index.php\/wp-json\/wp\/v2\/categories?post=29701"},{"taxonomy":"post_tag","embeddable":true,"href":"https:\/\/elreporterodelacomunidad.com\/index.php\/wp-json\/wp\/v2\/tags?post=29701"}],"curies":[{"name":"wp","href":"https:\/\/api.w.org\/{rel}","templated":true}]}}