{"id":29693,"date":"2026-05-01T17:53:19","date_gmt":"2026-05-02T00:53:19","guid":{"rendered":"https:\/\/elreporterodelacomunidad.com\/?p=29693"},"modified":"2026-05-01T17:53:25","modified_gmt":"2026-05-02T00:53:25","slug":"ofrecen-tono-astiazaran-y-patty-ruibal-a-ninas-y-ninos-diversion-y-experiencias-formativas-en-el-chiquifest-2026","status":"publish","type":"post","link":"https:\/\/elreporterodelacomunidad.com\/index.php\/2026\/05\/01\/ofrecen-tono-astiazaran-y-patty-ruibal-a-ninas-y-ninos-diversion-y-experiencias-formativas-en-el-chiquifest-2026\/","title":{"rendered":"Ofrecen To\u00f1o Astiazar\u00e1n y Patty Ruibal a ni\u00f1as y ni\u00f1os diversi\u00f3n y experiencias formativas en el ChiquiFest 2026"},"content":{"rendered":"\n<p>Enmarc\u00f3 la entrega de un reconocimiento a la compa\u00f1\u00eda Lormiga T\u00edteres, por su 15 aniversario.<\/p>\n\n\n\n<p>Hermosillo, Sonora; 1 de mayo, 2026.- Con una tarde de experiencias divertidas y formativas festejaron su d\u00eda cientos de ni\u00f1as y ni\u00f1os hermosillenses y sus familias en el Parque Madero durante la quinta edici\u00f3n del ChiquiFest. Festival Creativo Infantil, en el que asistieron el presidente municipal Antonio Astiazar\u00e1n Guti\u00e9rrez y Patricia Ruibal Zaragoza, Presidenta de DIF Hermosillo.<\/p>\n\n\n\n<p>\u201cQueremos que r\u00edan, que jueguen, que corran, porque este d\u00eda es muy, muy especial, y por eso queremos consentirlos este d\u00eda porque para el Ayuntamiento de Hermosillo lo m\u00e1s importante son nuestras ni\u00f1as y nuestros ni\u00f1os\u201d, expres\u00f3 Patty Ruibal.<\/p>\n\n\n\n<p>Acompa\u00f1ados por Madeleine Bonnafoux, directora general de DIF Hermosillo y Marianna Gonz\u00e1lez Gast\u00e9lum, directora del Instituto Municipal de Cultura y Arte (IMCA), entregaron a Ailin Ruiz S\u00e1nchez y Sarina Pedroza, directora general y directora art\u00edstica de Lormiga T\u00edteres, respectivamente, y a las y los integrantes de la compa\u00f1\u00eda, un reconocimiento por sus 15 a\u00f1os de trayectoria en el arte de los t\u00edteres.<\/p>\n\n\n\n<p>\u201cQuiero agradecer a Ailin y a todo el equipo por hacer posible este entretenimiento durante estos quince a\u00f1os, me honro como Presidente Municipal de ser quien les entrega este distintivo, seguramente muchas ni\u00f1as y ni\u00f1os habr\u00e1n de recordar siempre la participaci\u00f3n de ustedes y con ustedes tambi\u00e9n la sonrisa y la felicidad\u201d, extern\u00f3 Antonio Astiazar\u00e1n.<\/p>\n\n\n\n<p>El emblem\u00e1tico espacio p\u00fablico hermosillense se convirti\u00f3 en escenario de diversas actividades, entre ellas la puesta en escena \u201cAndanzas del Desierto\u201d, a cargo de la compa\u00f1\u00eda Lormiga Teatro, la presentaci\u00f3n musical de Radio Nube y el tradicional concurso de baile de botargas de dependencias y empresas patrocinadoras.<\/p>\n\n\n\n<p>Como parte del programa, se presentaron el show de marionetas de Jaime Florentino, un espect\u00e1culo de magia con el Mago Jhony y la actuaci\u00f3n de Los Cantacuentos, as\u00ed como H\u00e9ctor Flores con \u201cSimbi\u00f3tico\u201d.<\/p>\n\n\n\n<p>Bibliotecarias y bibliotecarios impartieron talleres de lectura creativa en el kiosco, as\u00ed como un rally deportivo y una b\u00fasqueda de tesoros escondidos en las \u00e1reas verdes del lugar y variadas experiencias sensoriales preparadas especialmente para la ocasi\u00f3n.<\/p>\n\n\n\n<p>Previamente, To\u00f1o Astiazar\u00e1n y Patty Ruibal acompa\u00f1aron a ni\u00f1as y ni\u00f1os de colonias del norponiente de Hermosillo que conocieron y abordaron veh\u00edculos militares y policiales blindados, portaron cascos y chalecos antibalas y conocieron lo que agentes de corporaciones municipales, estatales y federales hacen para cuidar a la poblaci\u00f3n y combatir los delitos.<\/p>\n\n\n\n<p>Uno de los camiones el\u00e9ctricos del sistema H Bus y veh\u00edculos de los diferentes grupos operativos de la Polic\u00eda Preventiva y Tr\u00e1nsito Municipal, formaron parte de la exhibici\u00f3n, as\u00ed como un stand para el canje de juguetes b\u00e9licos por no b\u00e9licos, variedad art\u00edstica y mucha interacci\u00f3n con botargas de las dependencias, instituciones y empresas participantes.<\/p>\n\n\n\n<p>El Gobierno Municipal se coordin\u00f3 con el Ejercito Mexicano, La Guardia Nacional, la Fiscal\u00eda General de la Rep\u00fablica (FGR), la Agencia Ministerial de Investigaci\u00f3n Criminal (AMIC), la Comisi\u00f3n Nacional Forestal (CONAFOR) y empresas patrocinadoras.<\/p>\n\n\n\n<p>Como testigos del festejo a la ni\u00f1ez hermosillense y colaboradores de la programaci\u00f3n, estuvieron Daniel Garc\u00eda Escalante, director de Participaci\u00f3n Ciudadana del Ayuntamiento; Francisco Villaescusa, director del Instituto Hermosillense de la Juventud; Flor Ayala Robles Linares, Tesorera Municipal y coordinadores de las actividades del Instituto del Deporte de Hermosillo.<\/p>\n\n\n\n<p class=\"has-text-align-center\"><img loading=\"lazy\" decoding=\"async\" width=\"500\" height=\"334\" class=\"wp-image-29695\" style=\"width: 500px;\" src=\"https:\/\/elreporterodelacomunidad.com\/wp-content\/uploads\/2026\/05\/2b622d38-bf39-465d-abc7-9147712675f3.jpg\" alt=\"\" srcset=\"https:\/\/elreporterodelacomunidad.com\/wp-content\/uploads\/2026\/05\/2b622d38-bf39-465d-abc7-9147712675f3.jpg 1040w, https:\/\/elreporterodelacomunidad.com\/wp-content\/uploads\/2026\/05\/2b622d38-bf39-465d-abc7-9147712675f3-300x200.jpg 300w, https:\/\/elreporterodelacomunidad.com\/wp-content\/uploads\/2026\/05\/2b622d38-bf39-465d-abc7-9147712675f3-1024x684.jpg 1024w, https:\/\/elreporterodelacomunidad.com\/wp-content\/uploads\/2026\/05\/2b622d38-bf39-465d-abc7-9147712675f3-768x513.jpg 768w, https:\/\/elreporterodelacomunidad.com\/wp-content\/uploads\/2026\/05\/2b622d38-bf39-465d-abc7-9147712675f3-750x501.jpg 750w\" sizes=\"auto, (max-width: 500px) 100vw, 500px\" \/><\/p>\n","protected":false},"excerpt":{"rendered":"<p>Enmarc\u00f3 la entrega de un reconocimiento a la compa\u00f1\u00eda Lormiga T\u00edteres, por su 15 aniversario. Hermosillo, Sonora; 1 de mayo, 2026.- Con una tarde de experiencias divertidas y formativas festejaron su d\u00eda cientos de ni\u00f1as y ni\u00f1os hermosillenses y sus familias en el Parque Madero durante la quinta edici\u00f3n del ChiquiFest. Festival Creativo Infantil, en [&hellip;]<\/p>\n","protected":false},"author":4,"featured_media":29694,"comment_status":"open","ping_status":"open","sticky":false,"template":"","format":"standard","meta":{"footnotes":""},"categories":[34,26],"tags":[],"class_list":["post-29693","post","type-post","status-publish","format-standard","has-post-thumbnail","hentry","category-general","category-principal"],"_links":{"self":[{"href":"https:\/\/elreporterodelacomunidad.com\/index.php\/wp-json\/wp\/v2\/posts\/29693","targetHints":{"allow":["GET"]}}],"collection":[{"href":"https:\/\/elreporterodelacomunidad.com\/index.php\/wp-json\/wp\/v2\/posts"}],"about":[{"href":"https:\/\/elreporterodelacomunidad.com\/index.php\/wp-json\/wp\/v2\/types\/post"}],"author":[{"embeddable":true,"href":"https:\/\/elreporterodelacomunidad.com\/index.php\/wp-json\/wp\/v2\/users\/4"}],"replies":[{"embeddable":true,"href":"https:\/\/elreporterodelacomunidad.com\/index.php\/wp-json\/wp\/v2\/comments?post=29693"}],"version-history":[{"count":1,"href":"https:\/\/elreporterodelacomunidad.com\/index.php\/wp-json\/wp\/v2\/posts\/29693\/revisions"}],"predecessor-version":[{"id":29696,"href":"https:\/\/elreporterodelacomunidad.com\/index.php\/wp-json\/wp\/v2\/posts\/29693\/revisions\/29696"}],"wp:featuredmedia":[{"embeddable":true,"href":"https:\/\/elreporterodelacomunidad.com\/index.php\/wp-json\/wp\/v2\/media\/29694"}],"wp:attachment":[{"href":"https:\/\/elreporterodelacomunidad.com\/index.php\/wp-json\/wp\/v2\/media?parent=29693"}],"wp:term":[{"taxonomy":"category","embeddable":true,"href":"https:\/\/elreporterodelacomunidad.com\/index.php\/wp-json\/wp\/v2\/categories?post=29693"},{"taxonomy":"post_tag","embeddable":true,"href":"https:\/\/elreporterodelacomunidad.com\/index.php\/wp-json\/wp\/v2\/tags?post=29693"}],"curies":[{"name":"wp","href":"https:\/\/api.w.org\/{rel}","templated":true}]}}