{"id":29690,"date":"2026-05-01T17:43:28","date_gmt":"2026-05-02T00:43:28","guid":{"rendered":"https:\/\/elreporterodelacomunidad.com\/?p=29690"},"modified":"2026-05-01T17:43:36","modified_gmt":"2026-05-02T00:43:36","slug":"invita-gobierno-de-hermosillo-a-tramitar-permisos-para-ventas-del-10-de-mayo-en-via-publica","status":"publish","type":"post","link":"https:\/\/elreporterodelacomunidad.com\/index.php\/2026\/05\/01\/invita-gobierno-de-hermosillo-a-tramitar-permisos-para-ventas-del-10-de-mayo-en-via-publica\/","title":{"rendered":"Invita Gobierno de Hermosillo a tramitar permisos para ventas del 10 de mayo en v\u00eda p\u00fablica"},"content":{"rendered":"\n<p>La fecha l\u00edmite para solicitar autorizaci\u00f3n es el mi\u00e9rcoles 6 de mayo en oficinas de Inspecci\u00f3n y Vigilancia.<\/p>\n\n\n\n<p>Hermosillo, Sonora, 1 de mayo, 2026.- El Gobierno de Hermosillo, a trav\u00e9s de la Direcci\u00f3n General de Inspecci\u00f3n y Vigilancia, invit\u00f3 a quienes deseen vender productos este 10 de mayo en la v\u00eda p\u00fablica a realizar el tr\u00e1mite con anticipaci\u00f3n.<\/p>\n\n\n\n<p>Con motivo de la celebraci\u00f3n del D\u00eda de las Madres, una de las fechas con mayor actividad comercial del a\u00f1o, el Ayuntamiento de Hermosillo reiter\u00f3 la importancia de contar con el permiso correspondiente para trabajar en orden y evitar contratiempos.<\/p>\n\n\n\n<p>Todos los tr\u00e1mites son personales, por lo que no se requieren intermediarios ni gestores externos para obtener la autorizaci\u00f3n requerida.<\/p>\n\n\n\n<p>Entre los requisitos solicitados se encuentran identificaci\u00f3n oficial vigente, RFC, comprobante de domicilio y el llenado de la solicitud correspondiente.<\/p>\n\n\n\n<p>Las personas interesadas podr\u00e1n realizar el tr\u00e1mite hasta el mi\u00e9rcoles 6 de mayo en las oficinas ubicadas en calle 20 de Noviembre n\u00famero 104, de lunes a viernes, de 8:00 de la ma\u00f1ana a 3:00 de la tarde.<\/p>\n\n\n\n<p>Con estas acciones, el Gobierno de Hermosillo refrenda su compromiso con el orden, la seguridad y el buen desarrollo de la actividad comercial en la ciudad.<\/p>\n","protected":false},"excerpt":{"rendered":"<p>La fecha l\u00edmite para solicitar autorizaci\u00f3n es el mi\u00e9rcoles 6 de mayo en oficinas de Inspecci\u00f3n y Vigilancia. Hermosillo, Sonora, 1 de mayo, 2026.- El Gobierno de Hermosillo, a trav\u00e9s de la Direcci\u00f3n General de Inspecci\u00f3n y Vigilancia, invit\u00f3 a quienes deseen vender productos este 10 de mayo en la v\u00eda p\u00fablica a realizar el [&hellip;]<\/p>\n","protected":false},"author":4,"featured_media":29691,"comment_status":"open","ping_status":"open","sticky":false,"template":"","format":"standard","meta":{"footnotes":""},"categories":[42],"tags":[],"class_list":["post-29690","post","type-post","status-publish","format-standard","has-post-thumbnail","hentry","category-economia"],"_links":{"self":[{"href":"https:\/\/elreporterodelacomunidad.com\/index.php\/wp-json\/wp\/v2\/posts\/29690","targetHints":{"allow":["GET"]}}],"collection":[{"href":"https:\/\/elreporterodelacomunidad.com\/index.php\/wp-json\/wp\/v2\/posts"}],"about":[{"href":"https:\/\/elreporterodelacomunidad.com\/index.php\/wp-json\/wp\/v2\/types\/post"}],"author":[{"embeddable":true,"href":"https:\/\/elreporterodelacomunidad.com\/index.php\/wp-json\/wp\/v2\/users\/4"}],"replies":[{"embeddable":true,"href":"https:\/\/elreporterodelacomunidad.com\/index.php\/wp-json\/wp\/v2\/comments?post=29690"}],"version-history":[{"count":1,"href":"https:\/\/elreporterodelacomunidad.com\/index.php\/wp-json\/wp\/v2\/posts\/29690\/revisions"}],"predecessor-version":[{"id":29692,"href":"https:\/\/elreporterodelacomunidad.com\/index.php\/wp-json\/wp\/v2\/posts\/29690\/revisions\/29692"}],"wp:featuredmedia":[{"embeddable":true,"href":"https:\/\/elreporterodelacomunidad.com\/index.php\/wp-json\/wp\/v2\/media\/29691"}],"wp:attachment":[{"href":"https:\/\/elreporterodelacomunidad.com\/index.php\/wp-json\/wp\/v2\/media?parent=29690"}],"wp:term":[{"taxonomy":"category","embeddable":true,"href":"https:\/\/elreporterodelacomunidad.com\/index.php\/wp-json\/wp\/v2\/categories?post=29690"},{"taxonomy":"post_tag","embeddable":true,"href":"https:\/\/elreporterodelacomunidad.com\/index.php\/wp-json\/wp\/v2\/tags?post=29690"}],"curies":[{"name":"wp","href":"https:\/\/api.w.org\/{rel}","templated":true}]}}