{"id":29686,"date":"2026-05-01T17:41:49","date_gmt":"2026-05-02T00:41:49","guid":{"rendered":"https:\/\/elreporterodelacomunidad.com\/?p=29686"},"modified":"2026-05-01T17:41:53","modified_gmt":"2026-05-02T00:41:53","slug":"gobierno-de-hermosillo-mantendra-en-mayo-esterilizaciones-gratuitas-para-perros-y-gatos","status":"publish","type":"post","link":"https:\/\/elreporterodelacomunidad.com\/index.php\/2026\/05\/01\/gobierno-de-hermosillo-mantendra-en-mayo-esterilizaciones-gratuitas-para-perros-y-gatos\/","title":{"rendered":"Gobierno de Hermosillo mantendr\u00e1 en mayo esterilizaciones gratuitas para perros y gatos"},"content":{"rendered":"\n<p>Los animales de compa\u00f1\u00eda pueden ser esterilizados a partir de los tres meses de edad.<\/p>\n\n\n\n<p>Hermosillo, Sonora; 1 de mayo, 2026.- Este mes de mayo sigue de manera permanente la agenda abierta en las jornadas de esterilizaci\u00f3n gratuita para perros y gatos, inform\u00f3 David Palafox Celaya, director del Instituto Municipal de Protecci\u00f3n y Bienestar Animal (IMPBA).<\/p>\n\n\n\n<p>El lunes 4, mi\u00e9rcoles 6, jueves 7 y s\u00e1bado 9 de mayo se atender\u00e1 a las y los tutores de animales de compa\u00f1\u00eda en el IMPBA y el viernes 8 se trasladar\u00e1n al Centro H\u00e1bitat Los Olivos, con el objetivo de controlar la sobrepoblaci\u00f3n de animales sin hogar y fortalecer la salud p\u00fablica.<\/p>\n\n\n\n<p>Palafox Celaya, extendi\u00f3 la invitaci\u00f3n a la ciudadan\u00eda para aprovechar estas campa\u00f1as, las cuales se realizan en las instalaciones del Instituto, en horario matutino.<\/p>\n\n\n\n<p>Para acceder al servicio es necesario agendar cita previamente al 662 411 6700 v\u00eda WhatsApp o al 662 289 3055, en un horario de 8:00 de la ma\u00f1ana a 3:00 de la tarde.<\/p>\n\n\n\n<p>Palafox Celaya destac\u00f3 que el Ayuntamiento de Hermosillo continuar\u00e1 implementando jornadas de esterilizaci\u00f3n gratuita para perros y gatos, tanto en la zona urbana como rural, como parte de las acciones permanentes en favor del bienestar animal.<\/p>\n\n\n\n<p>El funcionario record\u00f3 que todos los animalitos deben presentarse sanos, libres de garrapatas y con ayuno m\u00ednimo de 8 horas de agua y alimento en adultos y 4 horas de ayuno en animales de compa\u00f1\u00eda que tienen edad de 3 a 8 meses y deber\u00e1n ser trasladados con correa en caso de perros y en transportadora los gatos.<\/p>\n\n\n\n<p class=\"has-text-align-center\"><img loading=\"lazy\" decoding=\"async\" width=\"500\" height=\"700\" class=\"wp-image-29688\" style=\"width: 500px;\" src=\"https:\/\/elreporterodelacomunidad.com\/wp-content\/uploads\/2026\/05\/79a048c2-4347-4277-a34c-8466b529ecad.jpg\" alt=\"\" srcset=\"https:\/\/elreporterodelacomunidad.com\/wp-content\/uploads\/2026\/05\/79a048c2-4347-4277-a34c-8466b529ecad.jpg 914w, https:\/\/elreporterodelacomunidad.com\/wp-content\/uploads\/2026\/05\/79a048c2-4347-4277-a34c-8466b529ecad-214x300.jpg 214w, https:\/\/elreporterodelacomunidad.com\/wp-content\/uploads\/2026\/05\/79a048c2-4347-4277-a34c-8466b529ecad-731x1024.jpg 731w, https:\/\/elreporterodelacomunidad.com\/wp-content\/uploads\/2026\/05\/79a048c2-4347-4277-a34c-8466b529ecad-768x1076.jpg 768w, https:\/\/elreporterodelacomunidad.com\/wp-content\/uploads\/2026\/05\/79a048c2-4347-4277-a34c-8466b529ecad-360x504.jpg 360w, https:\/\/elreporterodelacomunidad.com\/wp-content\/uploads\/2026\/05\/79a048c2-4347-4277-a34c-8466b529ecad-750x1050.jpg 750w\" sizes=\"auto, (max-width: 500px) 100vw, 500px\" \/><\/p>\n","protected":false},"excerpt":{"rendered":"<p>Los animales de compa\u00f1\u00eda pueden ser esterilizados a partir de los tres meses de edad. Hermosillo, Sonora; 1 de mayo, 2026.- Este mes de mayo sigue de manera permanente la agenda abierta en las jornadas de esterilizaci\u00f3n gratuita para perros y gatos, inform\u00f3 David Palafox Celaya, director del Instituto Municipal de Protecci\u00f3n y Bienestar Animal [&hellip;]<\/p>\n","protected":false},"author":4,"featured_media":29687,"comment_status":"open","ping_status":"open","sticky":false,"template":"","format":"standard","meta":{"footnotes":""},"categories":[38],"tags":[],"class_list":["post-29686","post","type-post","status-publish","format-standard","has-post-thumbnail","hentry","category-salud"],"_links":{"self":[{"href":"https:\/\/elreporterodelacomunidad.com\/index.php\/wp-json\/wp\/v2\/posts\/29686","targetHints":{"allow":["GET"]}}],"collection":[{"href":"https:\/\/elreporterodelacomunidad.com\/index.php\/wp-json\/wp\/v2\/posts"}],"about":[{"href":"https:\/\/elreporterodelacomunidad.com\/index.php\/wp-json\/wp\/v2\/types\/post"}],"author":[{"embeddable":true,"href":"https:\/\/elreporterodelacomunidad.com\/index.php\/wp-json\/wp\/v2\/users\/4"}],"replies":[{"embeddable":true,"href":"https:\/\/elreporterodelacomunidad.com\/index.php\/wp-json\/wp\/v2\/comments?post=29686"}],"version-history":[{"count":1,"href":"https:\/\/elreporterodelacomunidad.com\/index.php\/wp-json\/wp\/v2\/posts\/29686\/revisions"}],"predecessor-version":[{"id":29689,"href":"https:\/\/elreporterodelacomunidad.com\/index.php\/wp-json\/wp\/v2\/posts\/29686\/revisions\/29689"}],"wp:featuredmedia":[{"embeddable":true,"href":"https:\/\/elreporterodelacomunidad.com\/index.php\/wp-json\/wp\/v2\/media\/29687"}],"wp:attachment":[{"href":"https:\/\/elreporterodelacomunidad.com\/index.php\/wp-json\/wp\/v2\/media?parent=29686"}],"wp:term":[{"taxonomy":"category","embeddable":true,"href":"https:\/\/elreporterodelacomunidad.com\/index.php\/wp-json\/wp\/v2\/categories?post=29686"},{"taxonomy":"post_tag","embeddable":true,"href":"https:\/\/elreporterodelacomunidad.com\/index.php\/wp-json\/wp\/v2\/tags?post=29686"}],"curies":[{"name":"wp","href":"https:\/\/api.w.org\/{rel}","templated":true}]}}