{"id":29677,"date":"2026-04-30T19:58:58","date_gmt":"2026-05-01T02:58:58","guid":{"rendered":"https:\/\/elreporterodelacomunidad.com\/?p=29677"},"modified":"2026-04-30T19:59:01","modified_gmt":"2026-05-01T02:59:01","slug":"sonora-debe-estar-a-la-altura-de-su-liderazgo-minero-proponen-crear-la-secretaria-de-mineria","status":"publish","type":"post","link":"https:\/\/elreporterodelacomunidad.com\/index.php\/2026\/04\/30\/sonora-debe-estar-a-la-altura-de-su-liderazgo-minero-proponen-crear-la-secretaria-de-mineria\/","title":{"rendered":"Sonora debe estar a la altura de su liderazgo minero: proponen crear la Secretar\u00eda de Miner\u00eda"},"content":{"rendered":"\n<p>Hermosillo, Sonora; 30 de abril de 2026.- Para fortalecer uno de los sectores m\u00e1s estrat\u00e9gicos del estado y dar un paso hacia una pol\u00edtica p\u00fablica m\u00e1s s\u00f3lida y especializada, la diputada Iris Fernanda S\u00e1nchez Chiu, junto con el diputado Emeterio Ochoa Baz\u00faa, present\u00f3 una iniciativa para crear la Secretar\u00eda de Miner\u00eda en Sonora.<\/p>\n\n\n\n<p>Durante su intervenci\u00f3n en tribuna, S\u00e1nchez Chiu destac\u00f3 que Sonora no solo es l\u00edder nacional en producci\u00f3n minera, sino que cuenta con el potencial para consolidarse como referente internacional en miner\u00eda responsable, sustentable y competitiva.<\/p>\n\n\n\n<p>\u201cHoy venimos a hablar de oportunidades. Sonora tiene todo para liderar, pero necesita una estructura institucional a la altura de ese potencial\u201d, expres\u00f3.<\/p>\n\n\n\n<p>La legisladora subray\u00f3 que la miner\u00eda representa aproximadamente el 25% del Producto Interno Bruto estatal, tiene presencia en 70 de los 72 municipios y genera m\u00e1s de 155 mil empleos directos e indirectos, consolid\u00e1ndose como uno de los pilares econ\u00f3micos de la entidad.<\/p>\n\n\n\n<p>A pesar de su relevancia, se\u00f1al\u00f3 que actualmente el sector es atendido a trav\u00e9s de una direcci\u00f3n dentro de la Secretar\u00eda de Econom\u00eda y Turismo, lo cual resulta insuficiente frente a su magnitud, retos y oportunidades.<\/p>\n\n\n\n<p>La iniciativa plantea elevar la miner\u00eda a nivel de Secretar\u00eda, con el objetivo de contar con una instancia especializada que permita planear con visi\u00f3n de largo plazo, coordinar a los distintos actores del sector, fortalecer la competitividad y garantizar que el desarrollo llegue a las comunidades.<\/p>\n\n\n\n<p>\u201cNo se trata solo de reorganizar una dependencia, se trata de ordenar, potenciar y dirigir estrat\u00e9gicamente uno de los sectores m\u00e1s importantes de Sonora\u201d, afirm\u00f3.<\/p>\n\n\n\n<p>Asimismo, la propuesta contempla que esta nueva Secretar\u00eda funcione como un espacio de articulaci\u00f3n entre empresas, trabajadores, academia y sociedad, impulsando pol\u00edticas p\u00fablicas basadas en informaci\u00f3n t\u00e9cnica y cient\u00edfica, que permitan un desarrollo equilibrado y sustentable.<\/p>\n\n\n\n<p>S\u00e1nchez Chiu enfatiz\u00f3 que la creaci\u00f3n de esta dependencia no implica generar m\u00e1s burocracia, sino hacer m\u00e1s eficiente la estructura de gobierno y dar mayor peso institucional a un sector clave para el crecimiento del estado.<\/p>\n\n\n\n<p>\u201cEl liderazgo no se mantiene solo, se construye con visi\u00f3n y con decisiones. Esta es una de esas decisiones\u201d, puntualiz\u00f3.<\/p>\n\n\n\n<p>Durante la presentaci\u00f3n de la iniciativa, representantes del sector minero, organismos empresariales, sindicatos y asociaciones especializadas acompa\u00f1aron la propuesta, manifestando su respaldo a la creaci\u00f3n de la Secretar\u00eda de Miner\u00eda.La iniciativa fue turnada a la Comisi\u00f3n de Miner\u00eda del Congreso del Estado para su an\u00e1lisis y eventual dictaminaci\u00f3n.<\/p>\n\n\n\n<p class=\"has-text-align-center\"><img loading=\"lazy\" decoding=\"async\" width=\"500\" height=\"333\" class=\"wp-image-29679\" style=\"width: 500px;\" src=\"https:\/\/elreporterodelacomunidad.com\/wp-content\/uploads\/2026\/04\/7604a59b-c9b9-4265-9866-387aa34b2dd9.jpg\" alt=\"\" srcset=\"https:\/\/elreporterodelacomunidad.com\/wp-content\/uploads\/2026\/04\/7604a59b-c9b9-4265-9866-387aa34b2dd9.jpg 1600w, https:\/\/elreporterodelacomunidad.com\/wp-content\/uploads\/2026\/04\/7604a59b-c9b9-4265-9866-387aa34b2dd9-300x200.jpg 300w, https:\/\/elreporterodelacomunidad.com\/wp-content\/uploads\/2026\/04\/7604a59b-c9b9-4265-9866-387aa34b2dd9-1024x682.jpg 1024w, https:\/\/elreporterodelacomunidad.com\/wp-content\/uploads\/2026\/04\/7604a59b-c9b9-4265-9866-387aa34b2dd9-768x512.jpg 768w, https:\/\/elreporterodelacomunidad.com\/wp-content\/uploads\/2026\/04\/7604a59b-c9b9-4265-9866-387aa34b2dd9-1536x1023.jpg 1536w, https:\/\/elreporterodelacomunidad.com\/wp-content\/uploads\/2026\/04\/7604a59b-c9b9-4265-9866-387aa34b2dd9-750x500.jpg 750w, https:\/\/elreporterodelacomunidad.com\/wp-content\/uploads\/2026\/04\/7604a59b-c9b9-4265-9866-387aa34b2dd9-1140x760.jpg 1140w\" sizes=\"auto, (max-width: 500px) 100vw, 500px\" \/><\/p>\n","protected":false},"excerpt":{"rendered":"<p>Hermosillo, Sonora; 30 de abril de 2026.- Para fortalecer uno de los sectores m\u00e1s estrat\u00e9gicos del estado y dar un paso hacia una pol\u00edtica p\u00fablica m\u00e1s s\u00f3lida y especializada, la diputada Iris Fernanda S\u00e1nchez Chiu, junto con el diputado Emeterio Ochoa Baz\u00faa, present\u00f3 una iniciativa para crear la Secretar\u00eda de Miner\u00eda en Sonora. Durante su [&hellip;]<\/p>\n","protected":false},"author":4,"featured_media":29678,"comment_status":"open","ping_status":"open","sticky":false,"template":"","format":"standard","meta":{"footnotes":""},"categories":[39],"tags":[],"class_list":["post-29677","post","type-post","status-publish","format-standard","has-post-thumbnail","hentry","category-politica"],"_links":{"self":[{"href":"https:\/\/elreporterodelacomunidad.com\/index.php\/wp-json\/wp\/v2\/posts\/29677","targetHints":{"allow":["GET"]}}],"collection":[{"href":"https:\/\/elreporterodelacomunidad.com\/index.php\/wp-json\/wp\/v2\/posts"}],"about":[{"href":"https:\/\/elreporterodelacomunidad.com\/index.php\/wp-json\/wp\/v2\/types\/post"}],"author":[{"embeddable":true,"href":"https:\/\/elreporterodelacomunidad.com\/index.php\/wp-json\/wp\/v2\/users\/4"}],"replies":[{"embeddable":true,"href":"https:\/\/elreporterodelacomunidad.com\/index.php\/wp-json\/wp\/v2\/comments?post=29677"}],"version-history":[{"count":1,"href":"https:\/\/elreporterodelacomunidad.com\/index.php\/wp-json\/wp\/v2\/posts\/29677\/revisions"}],"predecessor-version":[{"id":29680,"href":"https:\/\/elreporterodelacomunidad.com\/index.php\/wp-json\/wp\/v2\/posts\/29677\/revisions\/29680"}],"wp:featuredmedia":[{"embeddable":true,"href":"https:\/\/elreporterodelacomunidad.com\/index.php\/wp-json\/wp\/v2\/media\/29678"}],"wp:attachment":[{"href":"https:\/\/elreporterodelacomunidad.com\/index.php\/wp-json\/wp\/v2\/media?parent=29677"}],"wp:term":[{"taxonomy":"category","embeddable":true,"href":"https:\/\/elreporterodelacomunidad.com\/index.php\/wp-json\/wp\/v2\/categories?post=29677"},{"taxonomy":"post_tag","embeddable":true,"href":"https:\/\/elreporterodelacomunidad.com\/index.php\/wp-json\/wp\/v2\/tags?post=29677"}],"curies":[{"name":"wp","href":"https:\/\/api.w.org\/{rel}","templated":true}]}}