{"id":29669,"date":"2026-04-30T19:47:43","date_gmt":"2026-05-01T02:47:43","guid":{"rendered":"https:\/\/elreporterodelacomunidad.com\/?p=29669"},"modified":"2026-04-30T19:47:47","modified_gmt":"2026-05-01T02:47:47","slug":"toma-protesta-tono-astiazaran-a-cabildo-infantil-que-impulsara-el-uso-responsable-de-pantallas-electronicas-para-el-sano-desarrollo-de-las-infancias","status":"publish","type":"post","link":"https:\/\/elreporterodelacomunidad.com\/index.php\/2026\/04\/30\/toma-protesta-tono-astiazaran-a-cabildo-infantil-que-impulsara-el-uso-responsable-de-pantallas-electronicas-para-el-sano-desarrollo-de-las-infancias\/","title":{"rendered":"Toma protesta To\u00f1o Astiazar\u00e1n a Cabildo Infantil que impulsar\u00e1 el uso responsable de pantallas electr\u00f3nicas para el sano desarrollo de las infancias"},"content":{"rendered":"\n<p>Con el compromiso de trabajar en equipo por Hermosillo, 24 ni\u00f1as y ni\u00f1os rindieron protesta como integrantes de Cabildo Infantil 2026 \u2013 2027<br>Abordaron la importancia del uso de las pantallas como un derecho y una responsabilidad<\/p>\n\n\n\n<p>Hermosillo, Sonora; 30 de abril de 2026.- Las voces, ideas y propuestas de la ni\u00f1ez hermosillense tendr\u00e1n un espacio dentro del Gobierno Municipal a trav\u00e9s de 24 integrantes del XXXIX Cabildo Infantil quienes rindieron protesta ante el presidente municipal Antonio Astiazar\u00e1n Guti\u00e9rrez con el compromiso de trabajar en equipo por un mejor entorno para las infancias.<\/p>\n\n\n\n<p>En el marco del D\u00eda de la Ni\u00f1a y del Ni\u00f1o, el presidente municipal, junto a su esposa Patricia Ruibal Zaragoza, presidenta de DIF Hermosillo; y Madeleine Bonnafoux Alcaraz, directora general de DIF Hermosillo, dio la bienvenida al quinto Consejo Infantil que no solo participar\u00e1 durante esta fecha especial, adem\u00e1s llevar\u00e1 a cabo 9 sesiones ordinarias para impulsar ideas y propuestas en beneficio de la comunidad.<\/p>\n\n\n\n<p>El Cabildo Infantil estar\u00e1 integrado por Jacob David Enr\u00edquez L\u00f3pez como presidente municipal; Karlo Jacob Diarte Calder\u00f3n, s\u00edndico de Hermosillo; y Mar\u00eda Isabel Ortiz S\u00e1nchez, secretaria del Ayuntamiento de Hermosillo, quienes junto a 21 regidoras y regidores infantiles eligieron desarrollar el tema \u201cEl uso de pantallas como un derecho y una responsabilidad\u201d.<\/p>\n\n\n\n<p>\u201cLa causa que ustedes decidieron abrazar este d\u00eda es muy importante y a veces la damos por hecho, el uso excesivo de la informaci\u00f3n en las pantallas de los tel\u00e9fonos celulares que en ocasiones precisamente por estar desconectados nos desconecta con nuestras familias y amigas\u201d, agreg\u00f3 To\u00f1o Astiazar\u00e1n.<\/p>\n\n\n\n<p class=\"has-text-align-center\"><img loading=\"lazy\" decoding=\"async\" width=\"500\" height=\"333\" class=\"wp-image-29671\" style=\"width: 500px;\" src=\"https:\/\/elreporterodelacomunidad.com\/wp-content\/uploads\/2026\/04\/0bfd60e4-bf4d-41e6-bd12-11ca0c8dc91b.jpg\" alt=\"\" srcset=\"https:\/\/elreporterodelacomunidad.com\/wp-content\/uploads\/2026\/04\/0bfd60e4-bf4d-41e6-bd12-11ca0c8dc91b.jpg 1280w, https:\/\/elreporterodelacomunidad.com\/wp-content\/uploads\/2026\/04\/0bfd60e4-bf4d-41e6-bd12-11ca0c8dc91b-300x200.jpg 300w, https:\/\/elreporterodelacomunidad.com\/wp-content\/uploads\/2026\/04\/0bfd60e4-bf4d-41e6-bd12-11ca0c8dc91b-1024x682.jpg 1024w, https:\/\/elreporterodelacomunidad.com\/wp-content\/uploads\/2026\/04\/0bfd60e4-bf4d-41e6-bd12-11ca0c8dc91b-768x511.jpg 768w, https:\/\/elreporterodelacomunidad.com\/wp-content\/uploads\/2026\/04\/0bfd60e4-bf4d-41e6-bd12-11ca0c8dc91b-750x499.jpg 750w, https:\/\/elreporterodelacomunidad.com\/wp-content\/uploads\/2026\/04\/0bfd60e4-bf4d-41e6-bd12-11ca0c8dc91b-1140x759.jpg 1140w\" sizes=\"auto, (max-width: 500px) 100vw, 500px\" \/><\/p>\n\n\n\n<p>El Cabildo Infantil 2026-2027 est\u00e1 conformado por estudiantes de distintos contextos y realidades, entre ellos regidores con discapacidad, representantes de la zona rural y urbana, as\u00ed como integrantes de etnias de Hermosillo, formando un grupo diverso que aportar\u00e1 distintas ideas y perspectivas para construir una mejor ciudad para todas y todos.<\/p>\n\n\n\n<p>\u201cPara finalizar, estoy muy emocionado por trabajar al lado del Presidente Antonio Astiazar\u00e1n y de su esposa Patricia Ruibal, as\u00ed como de la mano de las personas que trabajaron en el DIF Hermosillo y acompa\u00f1ados de mis compa\u00f1eros de Cabildo\u201d, expres\u00f3 el presidente del Cabildo Infantil, Jacob.<\/p>\n\n\n\n<p>Luego de rendir protesta, ni\u00f1as y ni\u00f1os acudieron a la Sala de Cabildo para celebrar su primera sesi\u00f3n y posteriormente recorrieron las instalaciones de Palacio Municipal, donde conocieron la oficina de Presidencia y los espacios de trabajo de regidoras y regidores.<\/p>\n\n\n\n<p>Asistieron tambi\u00e9n Eduardo Acu\u00f1a, secretario del Ayuntamiento de Hermosillo; Blanca Lorena Colosio, s\u00edndica Municipal; Zarina Alcantar, ex presidenta de Cabildo Infantil 2025 \u2013 2026 as\u00ed como todos los regidores del periodo 2025 \u2013 2026; y Nery Ruiz Arvizu, consejero presidente del Instituto Estatal Electoral y de Participaci\u00f3n Ciudadana (IEE) quien habl\u00f3 sobre este proceso de votaci\u00f3n donde las y los represantes de la ni\u00f1ez fueron elegidos.<\/p>\n\n\n\n<p>El XXXIX Cabildo Infantil est\u00e1 integrado por:<\/p>\n\n\n\n<ul class=\"wp-block-list\">\n<li>Jacobo David Enr\u00edquez L\u00f3pez, Presidente Hermosillo<\/li>\n\n\n\n<li>Karlo Jacob Diarte Calder\u00f3n S\u00edndico Hermosillo<\/li>\n\n\n\n<li>Mar\u00eda Isabel Ort\u00edz S\u00e1nchez Secretaria del Ayuntamiento<\/li>\n\n\n\n<li>Adri\u00e1n Asaf Morales C\u00e1rdenas, Regidor<\/li>\n\n\n\n<li>Adri\u00e1n Francisco Padilla Ar\u00e1mburo, Regidor<\/li>\n\n\n\n<li>Anyleth Zambrano B\u00f3rquez, Regidora<\/li>\n\n\n\n<li>Ariadne Guadalupe Buitimea Verdugo, Regidora<\/li>\n\n\n\n<li>Carla Teresita Romero Borb\u00f3n, Regidora<\/li>\n\n\n\n<li>Dania Elim Reyes Cuadras, Regidora<\/li>\n\n\n\n<li>Dania Michel Guzm\u00e1n Gonz\u00e1lez, Regidora<\/li>\n\n\n\n<li>Erick Efr\u00e9n Ibarra Monta\u00f1o, Regidor<\/li>\n\n\n\n<li>Esteban Alberto Antonio Miranda, Regidor<\/li>\n\n\n\n<li>Gema Yuliet Acosta Guti\u00e9rrez, Regidora<\/li>\n\n\n\n<li>Irlanda Nohem\u00ed Mesinas Olivas, Regidora<\/li>\n\n\n\n<li>Jes\u00fas Alejandro Tlasmaltenco Solano, Regidor<\/li>\n\n\n\n<li>Jos\u00e9 Manuel Leyva Duarte, Regidor<\/li>\n\n\n\n<li>Karem Victoria Murrieta C\u00e1zarez, Regidora<\/li>\n\n\n\n<li>Katherine Sophia Duarte Arnold, Regidora<\/li>\n\n\n\n<li>Luis Alejandro Le\u00f3n Delgado, Regidor<\/li>\n\n\n\n<li>Silvanna Liz\u00e1rraga Cornejo, Regidora<\/li>\n\n\n\n<li>Silver Gael Quevedo Ram\u00edrez, Regidor<\/li>\n\n\n\n<li>Ximena Maiel Granillo Mart\u00ednez, Regidora.<\/li>\n<\/ul>\n","protected":false},"excerpt":{"rendered":"<p>Con el compromiso de trabajar en equipo por Hermosillo, 24 ni\u00f1as y ni\u00f1os rindieron protesta como integrantes de Cabildo Infantil 2026 \u2013 2027Abordaron la importancia del uso de las pantallas como un derecho y una responsabilidad Hermosillo, Sonora; 30 de abril de 2026.- Las voces, ideas y propuestas de la ni\u00f1ez hermosillense tendr\u00e1n un espacio [&hellip;]<\/p>\n","protected":false},"author":4,"featured_media":29670,"comment_status":"open","ping_status":"open","sticky":false,"template":"","format":"standard","meta":{"footnotes":""},"categories":[34,26],"tags":[],"class_list":["post-29669","post","type-post","status-publish","format-standard","has-post-thumbnail","hentry","category-general","category-principal"],"_links":{"self":[{"href":"https:\/\/elreporterodelacomunidad.com\/index.php\/wp-json\/wp\/v2\/posts\/29669","targetHints":{"allow":["GET"]}}],"collection":[{"href":"https:\/\/elreporterodelacomunidad.com\/index.php\/wp-json\/wp\/v2\/posts"}],"about":[{"href":"https:\/\/elreporterodelacomunidad.com\/index.php\/wp-json\/wp\/v2\/types\/post"}],"author":[{"embeddable":true,"href":"https:\/\/elreporterodelacomunidad.com\/index.php\/wp-json\/wp\/v2\/users\/4"}],"replies":[{"embeddable":true,"href":"https:\/\/elreporterodelacomunidad.com\/index.php\/wp-json\/wp\/v2\/comments?post=29669"}],"version-history":[{"count":1,"href":"https:\/\/elreporterodelacomunidad.com\/index.php\/wp-json\/wp\/v2\/posts\/29669\/revisions"}],"predecessor-version":[{"id":29673,"href":"https:\/\/elreporterodelacomunidad.com\/index.php\/wp-json\/wp\/v2\/posts\/29669\/revisions\/29673"}],"wp:featuredmedia":[{"embeddable":true,"href":"https:\/\/elreporterodelacomunidad.com\/index.php\/wp-json\/wp\/v2\/media\/29670"}],"wp:attachment":[{"href":"https:\/\/elreporterodelacomunidad.com\/index.php\/wp-json\/wp\/v2\/media?parent=29669"}],"wp:term":[{"taxonomy":"category","embeddable":true,"href":"https:\/\/elreporterodelacomunidad.com\/index.php\/wp-json\/wp\/v2\/categories?post=29669"},{"taxonomy":"post_tag","embeddable":true,"href":"https:\/\/elreporterodelacomunidad.com\/index.php\/wp-json\/wp\/v2\/tags?post=29669"}],"curies":[{"name":"wp","href":"https:\/\/api.w.org\/{rel}","templated":true}]}}