{"id":29666,"date":"2026-04-30T19:38:46","date_gmt":"2026-05-01T02:38:46","guid":{"rendered":"https:\/\/elreporterodelacomunidad.com\/?p=29666"},"modified":"2026-04-30T19:38:51","modified_gmt":"2026-05-01T02:38:51","slug":"encabeza-rocio-chavez-festejo-del-dia-de-la-ninez-en-dif-sonora","status":"publish","type":"post","link":"https:\/\/elreporterodelacomunidad.com\/index.php\/2026\/04\/30\/encabeza-rocio-chavez-festejo-del-dia-de-la-ninez-en-dif-sonora\/","title":{"rendered":"Encabeza Roc\u00edo Ch\u00e1vez festejo del D\u00eda de la Ni\u00f1ez en DIF Sonora"},"content":{"rendered":"\n<p>Con un festejo, encabezado por la presidenta honoraria d DIF Sonora, Mar\u00eda del Roc\u00edo Ch\u00e1vez, ni\u00f1as y ni\u00f1os disfrutaron en su d\u00eda de actividades recreativas, din\u00e1micas, sorpresas y momentos dise\u00f1ados para fortalecer su bienestar emocional, reafirmando el compromiso de brindarles espacios seguros, dignos y llenos de afecto<\/p>\n\n\n\n<p>Hermosillo, Sonora; 30 de abril de 2026.\u2013 En un ambiente lleno de alegr\u00eda, juegos y convivencia, el Sistema DIF Sonora celebr\u00f3 el D\u00eda de la Ni\u00f1a y el Ni\u00f1o junto a las ni\u00f1as y ni\u00f1os de los Centros de Asistencia Social (CAS) Unacari y Jineseki, en el sal\u00f3n infantil Metr\u00f3polis.<\/p>\n\n\n\n<p>Durante la jornada, acompa\u00f1ados por la presidenta honoraria del sistema DIF Sonora, Mar\u00eda del Roc\u00edo Ch\u00e1vez Murillo, las y los asistentes disfrutaron de actividades recreativas, din\u00e1micas, sorpresas y momentos dise\u00f1ados para fortalecer su bienestar emocional, reafirmando el compromiso de brindarles espacios seguros, dignos y llenos de afecto.<\/p>\n\n\n\n<p>En este contexto, Ch\u00e1vez Murillo, destac\u00f3 el papel fundamental de la Procuradur\u00eda de Protecci\u00f3n de Ni\u00f1as, Ni\u00f1os y Adolescentes, instancia encargada de salvaguardar sus derechos, velar por su integridad y acompa\u00f1ar de manera permanente su desarrollo integral. Su labor es clave para garantizar que cada ni\u00f1a y ni\u00f1o crezca en entornos que promuevan su bienestar, protecci\u00f3n y felicidad.<\/p>\n\n\n\n<p>El Sistema DIF Sonora reiter\u00f3 que trabajar por la ni\u00f1ez es una prioridad, impulsando acciones que fortalezcan su desarrollo pleno y reconociendo que cada infancia merece vivirse con amor, cuidado y oportunidades.<\/p>\n\n\n\n<p>Finalmente, la directora general de DIF Sonora, Lizeth V\u00e1squez Ochoa, agradeci\u00f3 a todas las personas, voluntariados e instituciones que hicieron posible este festejo, contribuyendo a crear un d\u00eda inolvidable para las ni\u00f1as y ni\u00f1os.<\/p>\n","protected":false},"excerpt":{"rendered":"<p>Con un festejo, encabezado por la presidenta honoraria d DIF Sonora, Mar\u00eda del Roc\u00edo Ch\u00e1vez, ni\u00f1as y ni\u00f1os disfrutaron en su d\u00eda de actividades recreativas, din\u00e1micas, sorpresas y momentos dise\u00f1ados para fortalecer su bienestar emocional, reafirmando el compromiso de brindarles espacios seguros, dignos y llenos de afecto Hermosillo, Sonora; 30 de abril de 2026.\u2013 En [&hellip;]<\/p>\n","protected":false},"author":4,"featured_media":29667,"comment_status":"open","ping_status":"open","sticky":false,"template":"","format":"standard","meta":{"footnotes":""},"categories":[36],"tags":[],"class_list":["post-29666","post","type-post","status-publish","format-standard","has-post-thumbnail","hentry","category-educacion"],"_links":{"self":[{"href":"https:\/\/elreporterodelacomunidad.com\/index.php\/wp-json\/wp\/v2\/posts\/29666","targetHints":{"allow":["GET"]}}],"collection":[{"href":"https:\/\/elreporterodelacomunidad.com\/index.php\/wp-json\/wp\/v2\/posts"}],"about":[{"href":"https:\/\/elreporterodelacomunidad.com\/index.php\/wp-json\/wp\/v2\/types\/post"}],"author":[{"embeddable":true,"href":"https:\/\/elreporterodelacomunidad.com\/index.php\/wp-json\/wp\/v2\/users\/4"}],"replies":[{"embeddable":true,"href":"https:\/\/elreporterodelacomunidad.com\/index.php\/wp-json\/wp\/v2\/comments?post=29666"}],"version-history":[{"count":1,"href":"https:\/\/elreporterodelacomunidad.com\/index.php\/wp-json\/wp\/v2\/posts\/29666\/revisions"}],"predecessor-version":[{"id":29668,"href":"https:\/\/elreporterodelacomunidad.com\/index.php\/wp-json\/wp\/v2\/posts\/29666\/revisions\/29668"}],"wp:featuredmedia":[{"embeddable":true,"href":"https:\/\/elreporterodelacomunidad.com\/index.php\/wp-json\/wp\/v2\/media\/29667"}],"wp:attachment":[{"href":"https:\/\/elreporterodelacomunidad.com\/index.php\/wp-json\/wp\/v2\/media?parent=29666"}],"wp:term":[{"taxonomy":"category","embeddable":true,"href":"https:\/\/elreporterodelacomunidad.com\/index.php\/wp-json\/wp\/v2\/categories?post=29666"},{"taxonomy":"post_tag","embeddable":true,"href":"https:\/\/elreporterodelacomunidad.com\/index.php\/wp-json\/wp\/v2\/tags?post=29666"}],"curies":[{"name":"wp","href":"https:\/\/api.w.org\/{rel}","templated":true}]}}