{"id":29663,"date":"2026-04-30T19:35:27","date_gmt":"2026-05-01T02:35:27","guid":{"rendered":"https:\/\/elreporterodelacomunidad.com\/?p=29663"},"modified":"2026-04-30T19:35:30","modified_gmt":"2026-05-01T02:35:30","slug":"gobernador-durazo-posiciona-a-san-carlos-como-polo-turistico-con-nuevo-desarrollo-inmobiliario","status":"publish","type":"post","link":"https:\/\/elreporterodelacomunidad.com\/index.php\/2026\/04\/30\/gobernador-durazo-posiciona-a-san-carlos-como-polo-turistico-con-nuevo-desarrollo-inmobiliario\/","title":{"rendered":"Gobernador Durazo posiciona a San Carlos como polo tur\u00edstico con nuevo desarrollo inmobiliario"},"content":{"rendered":"\n<p>El gobernador Alfonso Durazo encabez\u00f3 la inauguraci\u00f3n del desarrollo residencial Costessa High Sea Living, en San Carlos, proyecto que tuvo una inversi\u00f3n de mil 050 millones de pesos y permite consolidar a San Carlos como el destino de playa clave para visitantes locales y extranjeros.<\/p>\n\n\n\n<p>Con esta nueva infraestructura inmobiliaria, Guaymas se posiciona como el polo de desarrollo tur\u00edstico de la entidad.<\/p>\n\n\n\n<p>Guaymas, Sonora; 30 de abril de 2026.- Con el objetivo de potenciar el turismo a trav\u00e9s de obras de infraestructura que ampl\u00edan la oferta de hospedaje y generan una mayor derrama econ\u00f3mica, el gobernador Alfonso Durazo Monta\u00f1o ha consolidado a San Carlos como el destino de playa clave para visitantes locales y extranjeros, con la inauguraci\u00f3n del proyecto inmobiliario Costessa High Sea Living.<\/p>\n\n\n\n<p>El mandatario estatal, durante el corte de list\u00f3n de la torre de condominios Costessa High Sea Living en San Carlos, que tuvo una inversi\u00f3n de mil 050 millones de pesos, se\u00f1al\u00f3 que, mediante la promoci\u00f3n y atracci\u00f3n de inversiones, se ha posicionado a Guaymas como el polo de desarrollo tur\u00edstico de la entidad. Abund\u00f3 que este proyecto incrementar\u00e1 el flujo tur\u00edstico con un impacto econ\u00f3mico positivo y expandir\u00e1 las opciones de alojamiento en la zona.<\/p>\n\n\n\n<p>\u201cCreo que invertir, tomar la decisi\u00f3n de invertir en este momento es muy f\u00e1cil. Porque son ya evidentes, es evidente la conjugaci\u00f3n de una serie de factores que est\u00e1n multiplicando exponencialmente el potencial de San Carlos\u201d, indic\u00f3.<\/p>\n\n\n\n<p>El gobernador Durazo Monta\u00f1o destac\u00f3 que San Carlos se ha convertido en el eje del turismo en la entidad y en una plataforma del relanzamiento econ\u00f3mico del estado, con proyectos estrat\u00e9gicos como la modernizaci\u00f3n del Puerto de Guaymas, la construcci\u00f3n de la carretera Guaymas-Chihuahua, la modernizaci\u00f3n y ampliaci\u00f3n de pista del aeropuerto de Guaymas, as\u00ed como el crecimiento del sector inmobiliario en la regi\u00f3n.<\/p>\n\n\n\n<p>La torre de Costessa High Sea Living est\u00e1 conformada por 165 condominios, distribuidos en unidades de dos y tres rec\u00e1maras, as\u00ed como penthouses. En su construcci\u00f3n se generaron mil 250 empleos directos y 700 indirectos, y cuenta en su primera etapa con 20 pisos y un avance comercial del 95 por ciento.<\/p>\n\n\n\n<p>Este proyecto inmobiliario es impulsado por empresas sonorenses, mismo que atraer\u00e1 mayores empleos y el desarrollo tur\u00edstico en la regi\u00f3n.<\/p>\n\n\n\n<p>El gobernador Durazo Monta\u00f1o destac\u00f3 la necesidad de impulsar un Plan de Desarrollo espec\u00edfico para San Carlos, con el objetivo de facilitar el arribo de inversiones y desarrollos que impulsen el potencial tur\u00edstico y econ\u00f3mico de la regi\u00f3n.<\/p>\n\n\n\n<p>Estuvieron presentes en la inauguraci\u00f3n del desarrollo residencial Norberto Larrinaga Buelna, y Ram\u00f3n Ernesto Preciado Almada, socios fundadores de Costessa; Karla C\u00f3rdova Gonz\u00e1lez, presidenta municipal de Guaymas; Roberto Gradillas Pineda, secretario de Econom\u00eda y Turismo en Sonora y Heriberto Aguilar Castillo, senador de la Rep\u00fablica por Sonora.<\/p>\n","protected":false},"excerpt":{"rendered":"<p>El gobernador Alfonso Durazo encabez\u00f3 la inauguraci\u00f3n del desarrollo residencial Costessa High Sea Living, en San Carlos, proyecto que tuvo una inversi\u00f3n de mil 050 millones de pesos y permite consolidar a San Carlos como el destino de playa clave para visitantes locales y extranjeros. Con esta nueva infraestructura inmobiliaria, Guaymas se posiciona como el [&hellip;]<\/p>\n","protected":false},"author":4,"featured_media":29664,"comment_status":"open","ping_status":"open","sticky":false,"template":"","format":"standard","meta":{"footnotes":""},"categories":[42],"tags":[],"class_list":["post-29663","post","type-post","status-publish","format-standard","has-post-thumbnail","hentry","category-economia"],"_links":{"self":[{"href":"https:\/\/elreporterodelacomunidad.com\/index.php\/wp-json\/wp\/v2\/posts\/29663","targetHints":{"allow":["GET"]}}],"collection":[{"href":"https:\/\/elreporterodelacomunidad.com\/index.php\/wp-json\/wp\/v2\/posts"}],"about":[{"href":"https:\/\/elreporterodelacomunidad.com\/index.php\/wp-json\/wp\/v2\/types\/post"}],"author":[{"embeddable":true,"href":"https:\/\/elreporterodelacomunidad.com\/index.php\/wp-json\/wp\/v2\/users\/4"}],"replies":[{"embeddable":true,"href":"https:\/\/elreporterodelacomunidad.com\/index.php\/wp-json\/wp\/v2\/comments?post=29663"}],"version-history":[{"count":1,"href":"https:\/\/elreporterodelacomunidad.com\/index.php\/wp-json\/wp\/v2\/posts\/29663\/revisions"}],"predecessor-version":[{"id":29665,"href":"https:\/\/elreporterodelacomunidad.com\/index.php\/wp-json\/wp\/v2\/posts\/29663\/revisions\/29665"}],"wp:featuredmedia":[{"embeddable":true,"href":"https:\/\/elreporterodelacomunidad.com\/index.php\/wp-json\/wp\/v2\/media\/29664"}],"wp:attachment":[{"href":"https:\/\/elreporterodelacomunidad.com\/index.php\/wp-json\/wp\/v2\/media?parent=29663"}],"wp:term":[{"taxonomy":"category","embeddable":true,"href":"https:\/\/elreporterodelacomunidad.com\/index.php\/wp-json\/wp\/v2\/categories?post=29663"},{"taxonomy":"post_tag","embeddable":true,"href":"https:\/\/elreporterodelacomunidad.com\/index.php\/wp-json\/wp\/v2\/tags?post=29663"}],"curies":[{"name":"wp","href":"https:\/\/api.w.org\/{rel}","templated":true}]}}