{"id":29660,"date":"2026-04-30T19:28:08","date_gmt":"2026-05-01T02:28:08","guid":{"rendered":"https:\/\/elreporterodelacomunidad.com\/?p=29660"},"modified":"2026-04-30T19:28:11","modified_gmt":"2026-05-01T02:28:11","slug":"wasapraka-llama-infame-al-congreso-de-sonora-despues-de-que-bloquearan-un-exhorto-sobre-bienestar-animal","status":"publish","type":"post","link":"https:\/\/elreporterodelacomunidad.com\/index.php\/2026\/04\/30\/wasapraka-llama-infame-al-congreso-de-sonora-despues-de-que-bloquearan-un-exhorto-sobre-bienestar-animal\/","title":{"rendered":"Wasapraka llama \u201cinfame\u201d al Congreso de Sonora despu\u00e9s de que bloquearan un exhorto sobre bienestar animal."},"content":{"rendered":"\n<p>Hermosillo, Sonora a 30 de abril de 2026.- El diputado Juan Pablo Arenivar Mart\u00ednez calific\u00f3 como \u201cinfame\u201d al Congreso del Estado durante la sesi\u00f3n ordinaria de este jueves, al denunciar presuntas omisiones y pr\u00e1cticas de bloqueo por parte de diputados de Morena y sus aliados.<\/p>\n\n\n\n<p>El comentario surgi\u00f3 luego de que, al inicio de la sesi\u00f3n, la diputada Gabriela Danitza F\u00e9lix Boj\u00f3rquez solicitara el uso de la voz tras la aprobaci\u00f3n del orden del d\u00eda, para exponer su preocupaci\u00f3n por la negativa registrada el pasado martes a presentar un exhorto relacionado con la Ley de Bienestar Animal.<\/p>\n\n\n\n<p>Dicho exhorto estaba dirigido al Gobierno del Estado y a los ayuntamientos, con el objetivo de impulsar la creaci\u00f3n de un reglamento efectivo que permita la correcta aplicaci\u00f3n de la ley aprobada en el a\u00f1o 2024, la cual, seg\u00fan se\u00f1alaron, fue elaborada de manera apresurada y sin un an\u00e1lisis integral.<\/p>\n\n\n\n<p>Ante esta situaci\u00f3n, la iniciativa fue ingresada por oficial\u00eda de partes, conforme al art\u00edculo 123 de la Ley Org\u00e1nica del Poder Legislativo del Estado de Sonora, que faculta a los diputados a hacer uso de la voz durante la lectura de correspondencia en la sesi\u00f3n siguiente. Sin embargo, denunciaron que Morena y sus aliados votaron en contra de incluir dicha correspondencia en el orden del d\u00eda, impidiendo as\u00ed su presentaci\u00f3n en tribuna.<\/p>\n\n\n\n<p>El exhorto fue impulsado por la diputada Gabriela Danitza F\u00e9lix Boj\u00f3rquez, el diputado Jes\u00fas Manuel Scott S\u00e1nchez de Movimiento Ciudadano y el diputado Arenivar Mart\u00ednez, del Partido Acci\u00f3n Nacional.<\/p>\n\n\n\n<p>Los legisladores advirtieron que esta situaci\u00f3n impacta directamente a diversas asociaciones dedicadas a la protecci\u00f3n animal, al obstaculizar avances en la implementaci\u00f3n de la ley. Asimismo, se\u00f1alaron que no se trata de un hecho aislado, sino de una serie de irregularidades que aseguran, suman ya al menos 17 durante la presente legislatura.<\/p>\n\n\n\n<p>En su intervenci\u00f3n, Arenivar sostuvo que, si bien la Comisi\u00f3n de R\u00e9gimen Interno tiene la facultad de organizar los temas del orden del d\u00eda, esta atribuci\u00f3n no debe utilizarse para censurar la participaci\u00f3n de los diputados ni limitar su derecho a presentar iniciativas.<\/p>\n\n\n\n<p>\u201cEl Congreso del Estado se ha vuelto infame. Es una legislatura sucia, donde se limita la voz y se bloquean temas relevantes para la ciudadan\u00eda\u201d, expres\u00f3.<\/p>\n\n\n\n<p>Pese a ello, el legislador afirm\u00f3 que continuar\u00e1 trabajando para representar a sus electores, particularmente a los ciudadanos de San Luis R\u00edo Colorado, y reiter\u00f3 su compromiso con la justicia y la defensa de los derechos ciudadanos.<\/p>\n","protected":false},"excerpt":{"rendered":"<p>Hermosillo, Sonora a 30 de abril de 2026.- El diputado Juan Pablo Arenivar Mart\u00ednez calific\u00f3 como \u201cinfame\u201d al Congreso del Estado durante la sesi\u00f3n ordinaria de este jueves, al denunciar presuntas omisiones y pr\u00e1cticas de bloqueo por parte de diputados de Morena y sus aliados. El comentario surgi\u00f3 luego de que, al inicio de la [&hellip;]<\/p>\n","protected":false},"author":4,"featured_media":29661,"comment_status":"open","ping_status":"open","sticky":false,"template":"","format":"standard","meta":{"footnotes":""},"categories":[39],"tags":[],"class_list":["post-29660","post","type-post","status-publish","format-standard","has-post-thumbnail","hentry","category-politica"],"_links":{"self":[{"href":"https:\/\/elreporterodelacomunidad.com\/index.php\/wp-json\/wp\/v2\/posts\/29660","targetHints":{"allow":["GET"]}}],"collection":[{"href":"https:\/\/elreporterodelacomunidad.com\/index.php\/wp-json\/wp\/v2\/posts"}],"about":[{"href":"https:\/\/elreporterodelacomunidad.com\/index.php\/wp-json\/wp\/v2\/types\/post"}],"author":[{"embeddable":true,"href":"https:\/\/elreporterodelacomunidad.com\/index.php\/wp-json\/wp\/v2\/users\/4"}],"replies":[{"embeddable":true,"href":"https:\/\/elreporterodelacomunidad.com\/index.php\/wp-json\/wp\/v2\/comments?post=29660"}],"version-history":[{"count":1,"href":"https:\/\/elreporterodelacomunidad.com\/index.php\/wp-json\/wp\/v2\/posts\/29660\/revisions"}],"predecessor-version":[{"id":29662,"href":"https:\/\/elreporterodelacomunidad.com\/index.php\/wp-json\/wp\/v2\/posts\/29660\/revisions\/29662"}],"wp:featuredmedia":[{"embeddable":true,"href":"https:\/\/elreporterodelacomunidad.com\/index.php\/wp-json\/wp\/v2\/media\/29661"}],"wp:attachment":[{"href":"https:\/\/elreporterodelacomunidad.com\/index.php\/wp-json\/wp\/v2\/media?parent=29660"}],"wp:term":[{"taxonomy":"category","embeddable":true,"href":"https:\/\/elreporterodelacomunidad.com\/index.php\/wp-json\/wp\/v2\/categories?post=29660"},{"taxonomy":"post_tag","embeddable":true,"href":"https:\/\/elreporterodelacomunidad.com\/index.php\/wp-json\/wp\/v2\/tags?post=29660"}],"curies":[{"name":"wp","href":"https:\/\/api.w.org\/{rel}","templated":true}]}}