{"id":29656,"date":"2026-04-30T19:16:13","date_gmt":"2026-05-01T02:16:13","guid":{"rendered":"https:\/\/elreporterodelacomunidad.com\/?p=29656"},"modified":"2026-04-30T19:16:17","modified_gmt":"2026-05-01T02:16:17","slug":"impulsa-gobernador-durazo-la-modernizacion-de-la-carretera-hermosillo-bahia-de-kino-para-beneficio-de-las-familias-paulina-ocana","status":"publish","type":"post","link":"https:\/\/elreporterodelacomunidad.com\/index.php\/2026\/04\/30\/impulsa-gobernador-durazo-la-modernizacion-de-la-carretera-hermosillo-bahia-de-kino-para-beneficio-de-las-familias-paulina-ocana\/","title":{"rendered":"Impulsa Gobernador Durazo la modernizaci\u00f3n de la carretera Hermosillo \u2013 Bah\u00eda de Kino para beneficio de las familias: Paulina Oca\u00f1a"},"content":{"rendered":"\n<p>Hermosillo, Sonora; 30 de abril de 2026.- El impacto en la econom\u00eda local y la seguridad de viajeros ser\u00e1 un impacto inmediato de la modernizaci\u00f3n de la carretera Hermosillo &#8211; Bah\u00eda de Kino que impulsa nuestro gobernador Alfonso Durazo.<\/p>\n\n\n\n<p>As\u00ed lo se\u00f1al\u00f3 la jefa de la Oficina del Ejecutivo Estatal, Paulina Oca\u00f1a, al recorrer y supervisar avances en la construcci\u00f3n junto a la secretaria de Infraestructura y Desarrollo Urbano, Alejandra Castro, con quien revis\u00f3 el cumplimiento en este compromiso hecho con las familias hermosillenses y productores agropecuarios y pesqueros, principalmente.<\/p>\n\n\n\n<p>Paulina Oca\u00f1a indic\u00f3 que se trata de una obra que traer\u00e1 beneficios directos para miles de hermosillenses, al mejorar la movilidad y facilitar el traslado de trabajadores de empresas y campos agr\u00edcolas, estudiantes de la Universidad de Sonora, familias y habitantes de las comunidades de la zona.<\/p>\n\n\n\n<p>Paulina Oca\u00f1a destac\u00f3 que esta carretera responde a una necesidad real de la gente, al ser una ruta que se utiliza todos los d\u00edas y que ahora comienza a transformarse para brindar mayor seguridad y mejores condiciones de traslado.<\/p>\n\n\n\n<p>La secretaria Alejandra Castro explic\u00f3 que la obra contempla una inversi\u00f3n inicial de 500 millones de pesos y la intervenci\u00f3n de m\u00e1s de 28 kil\u00f3metros del corredor, avanzando hacia una vialidad moderna y funcional a cuatro carriles.<\/p>\n\n\n\n<p>Precis\u00f3 que los trabajos presentan avances importantes en terracer\u00edas y el inicio de la estructura de pavimento, lo que permitir\u00e1 consolidar una carretera con mayor capacidad, m\u00e1s segura y que impulsar\u00e1 el turismo y el desarrollo econ\u00f3mico de Hermosillo.<\/p>\n\n\n\n<p class=\"has-text-align-center\"><img loading=\"lazy\" decoding=\"async\" width=\"500\" height=\"333\" class=\"wp-image-29658\" style=\"width: 500px;\" src=\"https:\/\/elreporterodelacomunidad.com\/wp-content\/uploads\/2026\/04\/ba51397d-c5a7-4e5a-9869-89b3d77db97f.jpg\" alt=\"\" srcset=\"https:\/\/elreporterodelacomunidad.com\/wp-content\/uploads\/2026\/04\/ba51397d-c5a7-4e5a-9869-89b3d77db97f.jpg 1600w, https:\/\/elreporterodelacomunidad.com\/wp-content\/uploads\/2026\/04\/ba51397d-c5a7-4e5a-9869-89b3d77db97f-300x200.jpg 300w, https:\/\/elreporterodelacomunidad.com\/wp-content\/uploads\/2026\/04\/ba51397d-c5a7-4e5a-9869-89b3d77db97f-1024x682.jpg 1024w, https:\/\/elreporterodelacomunidad.com\/wp-content\/uploads\/2026\/04\/ba51397d-c5a7-4e5a-9869-89b3d77db97f-768x512.jpg 768w, https:\/\/elreporterodelacomunidad.com\/wp-content\/uploads\/2026\/04\/ba51397d-c5a7-4e5a-9869-89b3d77db97f-1536x1023.jpg 1536w, https:\/\/elreporterodelacomunidad.com\/wp-content\/uploads\/2026\/04\/ba51397d-c5a7-4e5a-9869-89b3d77db97f-750x500.jpg 750w, https:\/\/elreporterodelacomunidad.com\/wp-content\/uploads\/2026\/04\/ba51397d-c5a7-4e5a-9869-89b3d77db97f-1140x760.jpg 1140w\" sizes=\"auto, (max-width: 500px) 100vw, 500px\" \/><\/p>\n","protected":false},"excerpt":{"rendered":"<p>Hermosillo, Sonora; 30 de abril de 2026.- El impacto en la econom\u00eda local y la seguridad de viajeros ser\u00e1 un impacto inmediato de la modernizaci\u00f3n de la carretera Hermosillo &#8211; Bah\u00eda de Kino que impulsa nuestro gobernador Alfonso Durazo. As\u00ed lo se\u00f1al\u00f3 la jefa de la Oficina del Ejecutivo Estatal, Paulina Oca\u00f1a, al recorrer y [&hellip;]<\/p>\n","protected":false},"author":4,"featured_media":29657,"comment_status":"open","ping_status":"open","sticky":false,"template":"","format":"standard","meta":{"footnotes":""},"categories":[34,26],"tags":[],"class_list":["post-29656","post","type-post","status-publish","format-standard","has-post-thumbnail","hentry","category-general","category-principal"],"_links":{"self":[{"href":"https:\/\/elreporterodelacomunidad.com\/index.php\/wp-json\/wp\/v2\/posts\/29656","targetHints":{"allow":["GET"]}}],"collection":[{"href":"https:\/\/elreporterodelacomunidad.com\/index.php\/wp-json\/wp\/v2\/posts"}],"about":[{"href":"https:\/\/elreporterodelacomunidad.com\/index.php\/wp-json\/wp\/v2\/types\/post"}],"author":[{"embeddable":true,"href":"https:\/\/elreporterodelacomunidad.com\/index.php\/wp-json\/wp\/v2\/users\/4"}],"replies":[{"embeddable":true,"href":"https:\/\/elreporterodelacomunidad.com\/index.php\/wp-json\/wp\/v2\/comments?post=29656"}],"version-history":[{"count":1,"href":"https:\/\/elreporterodelacomunidad.com\/index.php\/wp-json\/wp\/v2\/posts\/29656\/revisions"}],"predecessor-version":[{"id":29659,"href":"https:\/\/elreporterodelacomunidad.com\/index.php\/wp-json\/wp\/v2\/posts\/29656\/revisions\/29659"}],"wp:featuredmedia":[{"embeddable":true,"href":"https:\/\/elreporterodelacomunidad.com\/index.php\/wp-json\/wp\/v2\/media\/29657"}],"wp:attachment":[{"href":"https:\/\/elreporterodelacomunidad.com\/index.php\/wp-json\/wp\/v2\/media?parent=29656"}],"wp:term":[{"taxonomy":"category","embeddable":true,"href":"https:\/\/elreporterodelacomunidad.com\/index.php\/wp-json\/wp\/v2\/categories?post=29656"},{"taxonomy":"post_tag","embeddable":true,"href":"https:\/\/elreporterodelacomunidad.com\/index.php\/wp-json\/wp\/v2\/tags?post=29656"}],"curies":[{"name":"wp","href":"https:\/\/api.w.org\/{rel}","templated":true}]}}