{"id":29653,"date":"2026-04-29T19:14:45","date_gmt":"2026-04-30T02:14:45","guid":{"rendered":"https:\/\/elreporterodelacomunidad.com\/?p=29653"},"modified":"2026-04-29T19:14:49","modified_gmt":"2026-04-30T02:14:49","slug":"sonora-estara-representado-en-la-comision-permanente-del-senado-durante-el-segundo-receso-legislativo-beltrones","status":"publish","type":"post","link":"https:\/\/elreporterodelacomunidad.com\/index.php\/2026\/04\/29\/sonora-estara-representado-en-la-comision-permanente-del-senado-durante-el-segundo-receso-legislativo-beltrones\/","title":{"rendered":"Sonora estar\u00e1 representado en la Comisi\u00f3n Permanente del Senado durante el segundo receso legislativo: Beltrones"},"content":{"rendered":"\n<p>Hermosillo, Sonora; abril 29 de 2026.- El pleno del Senado de la Rep\u00fablica aprob\u00f3 licencia al senador Manlio Fabio Beltrones.<\/p>\n\n\n\n<p>Durante el periodo de receso legislativo, su esca\u00f1o ser\u00e1 ocupado de nueva cuenta como ha ocurrido en ocasiones anteriores por el senador suplente Iv\u00e1n Jaimes.<\/p>\n\n\n\n<p>Para la Comisi\u00f3n Permanente se le abri\u00f3 un espacio al Senador Suplente Iv\u00e1n Jaimes, en esta ocasi\u00f3n por el Partido Acci\u00f3n Nacional quien cedi\u00f3 un espacio a la f\u00f3rmula que encabeza el Senador Manlio Fabio Beltrones, para que como senadores independientes tuvieran un lugar representado en este receso legislativo.<\/p>\n\n\n\n<p>\u201cCon ello garantizamos que Sonora est\u00e9 representado en la Comisi\u00f3n Permanente del Senado durante este segundo receso legislativo\u201d, puntualiz\u00f3 el Senador Beltrones.<\/p>\n\n\n\n<p>El legislador sonorense se\u00f1al\u00f3 que ya existe la experiencia y certeza de que Iv\u00e1n Jaimes Archundia cumple con el perfil y el nivel de debate necesario para representar a los sonorenses que en campa\u00f1a les brindaron \u2014 a ambos \u2014 su confianza y voto<\/p>\n","protected":false},"excerpt":{"rendered":"<p>Hermosillo, Sonora; abril 29 de 2026.- El pleno del Senado de la Rep\u00fablica aprob\u00f3 licencia al senador Manlio Fabio Beltrones. Durante el periodo de receso legislativo, su esca\u00f1o ser\u00e1 ocupado de nueva cuenta como ha ocurrido en ocasiones anteriores por el senador suplente Iv\u00e1n Jaimes. Para la Comisi\u00f3n Permanente se le abri\u00f3 un espacio al [&hellip;]<\/p>\n","protected":false},"author":4,"featured_media":29654,"comment_status":"open","ping_status":"open","sticky":false,"template":"","format":"standard","meta":{"footnotes":""},"categories":[39],"tags":[],"class_list":["post-29653","post","type-post","status-publish","format-standard","has-post-thumbnail","hentry","category-politica"],"_links":{"self":[{"href":"https:\/\/elreporterodelacomunidad.com\/index.php\/wp-json\/wp\/v2\/posts\/29653","targetHints":{"allow":["GET"]}}],"collection":[{"href":"https:\/\/elreporterodelacomunidad.com\/index.php\/wp-json\/wp\/v2\/posts"}],"about":[{"href":"https:\/\/elreporterodelacomunidad.com\/index.php\/wp-json\/wp\/v2\/types\/post"}],"author":[{"embeddable":true,"href":"https:\/\/elreporterodelacomunidad.com\/index.php\/wp-json\/wp\/v2\/users\/4"}],"replies":[{"embeddable":true,"href":"https:\/\/elreporterodelacomunidad.com\/index.php\/wp-json\/wp\/v2\/comments?post=29653"}],"version-history":[{"count":1,"href":"https:\/\/elreporterodelacomunidad.com\/index.php\/wp-json\/wp\/v2\/posts\/29653\/revisions"}],"predecessor-version":[{"id":29655,"href":"https:\/\/elreporterodelacomunidad.com\/index.php\/wp-json\/wp\/v2\/posts\/29653\/revisions\/29655"}],"wp:featuredmedia":[{"embeddable":true,"href":"https:\/\/elreporterodelacomunidad.com\/index.php\/wp-json\/wp\/v2\/media\/29654"}],"wp:attachment":[{"href":"https:\/\/elreporterodelacomunidad.com\/index.php\/wp-json\/wp\/v2\/media?parent=29653"}],"wp:term":[{"taxonomy":"category","embeddable":true,"href":"https:\/\/elreporterodelacomunidad.com\/index.php\/wp-json\/wp\/v2\/categories?post=29653"},{"taxonomy":"post_tag","embeddable":true,"href":"https:\/\/elreporterodelacomunidad.com\/index.php\/wp-json\/wp\/v2\/tags?post=29653"}],"curies":[{"name":"wp","href":"https:\/\/api.w.org\/{rel}","templated":true}]}}