{"id":29647,"date":"2026-04-29T19:03:20","date_gmt":"2026-04-30T02:03:20","guid":{"rendered":"https:\/\/elreporterodelacomunidad.com\/?p=29647"},"modified":"2026-04-29T19:03:23","modified_gmt":"2026-04-30T02:03:23","slug":"estados-unidos-acusa-formalmente-a-ruben-rocha-moya-gobernador-de-sinaloa-por-narcotrafico","status":"publish","type":"post","link":"https:\/\/elreporterodelacomunidad.com\/index.php\/2026\/04\/29\/estados-unidos-acusa-formalmente-a-ruben-rocha-moya-gobernador-de-sinaloa-por-narcotrafico\/","title":{"rendered":"Estados Unidos acusa formalmente a Rub\u00e9n Rocha Moya, gobernador de Sinaloa, por narcotr\u00e1fico"},"content":{"rendered":"\n<p>El Departamento de Justicia de los Estados Unidos acus\u00f3 formalmente al gobernador de Sinaloa, Rub\u00e9n Rocha Moya, y a otros nueve funcionarios y exfuncionarios; se les se\u00f1ala de conspirar con el C\u00e1rtel de Sinaloa.<\/p>\n\n\n\n<p>Estados Unidos a 29 de abril de 2026.- En un anuncio hist\u00f3rico, el Fiscal de los Estados Unidos para el Distrito Sur de Nueva York, Jay Clayton, y el administrador de la DEA, Terrance C. Cole, informaron la apertura de una acusaci\u00f3n formal contra el gobernador de Sinaloa, Rub\u00e9n Rocha Moya, por v\u00ednculos con el narcotr\u00e1fico. Hay otros nueve funcionarios y exfuncionarios estatales y municipales se\u00f1alados en el caso.<\/p>\n\n\n\n<p>La acusaci\u00f3n alega que los imputados utilizaron sus cargos p\u00fablicos para proteger y facilitar las operaciones de narcotr\u00e1fico de la facci\u00f3n de los &#8220;Chapitos&#8221; (hijos de Joaqu\u00edn &#8220;El Chapo&#8221; Guzm\u00e1n), dentro del C\u00e1rtel de Sinaloa, a cambio de sobornos de millones de d\u00f3lares.<\/p>\n\n\n\n<p>\u00bfQui\u00e9nes son los funcionarios vinculados al narcotr\u00e1fico, adem\u00e1s Rocha Moya?<\/p>\n\n\n\n<p>Adem\u00e1s del gobernador del Sinaloa, entre los se\u00f1alados por el gobierno norteamericano figuran:<\/p>\n\n\n\n<p>Enrique Inzunza C\u00e1zarez (Senador de Morena por Sinaloa)<\/p>\n\n\n\n<p>Enrique D\u00edaz Vega (Secretario de Administraci\u00f3n y Finanzas del Gobierno de Sinaloa)<\/p>\n\n\n\n<p>D\u00e1maso Castro Zaavedra (Vicefiscal General de Sinaloa)<\/p>\n\n\n\n<p>Gerardo M\u00e9rida S\u00e1nchez (Exsecretario de Seguridad de Sinaloa)<\/p>\n\n\n\n<p>Juan de Dios G\u00e1mez Mend\u00edvil (Presidente municipal de Culiac\u00e1n)<\/p>\n\n\n\n<p>Juan Valenzuela Mill\u00e1n (Comandante de la Polic\u00eda Municipal de Culiac\u00e1n, acusado tambi\u00e9n por el secuestro y muerte de una fuente de la DEA).<\/p>\n\n\n\n<p>Marco Antonio Almanza Avil\u00e9s (Exjefe de la Polic\u00eda de Investigaci\u00f3n)<\/p>\n\n\n\n<p>Alberto Jorge Contreras N\u00fa\u00f1ez (Exjefe de la Polic\u00eda de Investigaci\u00f3n<\/p>\n\n\n\n<p>Jos\u00e9 Antonio Dionisio Hip\u00f3lito (Exsubdirector de la Polic\u00eda Estatal)<\/p>\n\n\n\n<p>Los cargos incluyen conspiraci\u00f3n para la importaci\u00f3n de fentanilo, hero\u00edna, coca\u00edna y metanfetamina, as\u00ed como delitos relacionados con armas de fuego.<\/p>\n\n\n\n<p>El esquema de corrupci\u00f3n de &#8220;Los Chapitos&#8221; con el gobernador de Sinaloa<\/p>\n\n\n\n<p>Seg\u00fan el comunicado del Departamento de Justicia, la relaci\u00f3n entre el gobierno estatal y el C\u00e1rtel de Sinaloa fue fundamental para la expansi\u00f3n de la organizaci\u00f3n criminal.<\/p>\n\n\n\n<p>Las acusaciones clave incluyen un apoyo electoral en las elecciones del 2021; &#8220;Los Chapitos&#8221; habr\u00edan ayudado a Rub\u00e9n Rocha Moya a ganar la gubernatura mediante el secuestro e intimidaci\u00f3n de sus rivales pol\u00edticos.<\/p>\n\n\n\n<p>Adem\u00e1s, como gobernador habr\u00eda asistido a reuniones con l\u00edderes del c\u00e1rtel para garantizarles impunidad y protecci\u00f3n en la distribuci\u00f3n de narc\u00f3ticos; una acusaci\u00f3n que ya hab\u00eda revelado el propio &#8220;Mayo&#8221; Zambada en una carta compartida desde Estados Unidos.<\/p>\n\n\n\n<p>Funcionarios policiales vinculados con el C\u00e1rtel de Sinaloa<\/p>\n\n\n\n<p>Funcionarios policiales, como Juan Valenzuela Mill\u00e1n (Comandante de la Polic\u00eda Municipal de Culiac\u00e1n), habr\u00edan puesto a disposici\u00f3n del C\u00e1rtel de Sinaloa a los cuerpos policiales para realizar arrestos, secuestros y asesinatos.<\/p>\n\n\n\n<p>Adem\u00e1s, D\u00e1maso Castro Zaavedra, Vicefiscal de Sinaloa, es acusado de recibir aproximadamente $11,000 USD mensuales por informar a los &#8220;Chapitos&#8221; sobre operativos respaldados por Estados Unidos.<\/p>\n\n\n\n<p>&#8220;Nadie est\u00e1 por encima de la ley&#8221;: Fiscal en Estados Unidos<\/p>\n\n\n\n<p>El Fiscal Jay Clayton fue enf\u00e1tico al se\u00f1alar que el C\u00e1rtel de Sinaloa no podr\u00eda operar con tanto \u00e9xito sin la colaboraci\u00f3n de funcionarios corruptos. &#8220;Que estos cargos env\u00eden un mensaje claro a todos los funcionarios del mundo: no importa su t\u00edtulo o posici\u00f3n, estamos comprometidos a llevarlos ante la justicia&#8221;, declar\u00f3.<\/p>\n\n\n\n<p>Por su parte, la DEA destac\u00f3 que el C\u00e1rtel de Sinaloa es considerado una organizaci\u00f3n terrorista que utiliza el soborno para socavar las instituciones p\u00fablicas.<\/p>\n\n\n\n<p>La jueza de distrito Katherine Polk Failla ha sido asignada para llevar el caso.<\/p>\n\n\n\n<p>Embajada de Estados Unidos en M\u00e9xico y Secretar\u00eda de Relaciones Exteriores reciben acusaci\u00f3n vs. Rocha Moya<\/p>\n\n\n\n<p>Tras el anuncio de los cargos penales en Nueva York contra el mandatario estatal, la Embajada de los Estados Unidos en M\u00e9xico emiti\u00f3 una declaraci\u00f3n a trav\u00e9s del Embajador Ronald Johnson, subrayando el compromiso de ambos pa\u00edses con el Estado de derecho.<\/p>\n\n\n\n<p>La Embajada tom\u00f3 nota de los cargos contra el gobernador Rocha y enfatiz\u00f3 que combatir la actividad criminal transnacional es una prioridad para ambas naciones; de igual forma, reafirm\u00f3 su intenci\u00f3n de trabajar con las autoridades mexicanas para fortalecer las instituciones y promover la seguridad mutua.<\/p>\n\n\n\n<p>Por su parte, la Secretar\u00eda de Relaciones Exteriores (SRE) de M\u00e9xico recibi\u00f3 solicitudes de detenci\u00f3n provisional con fines de extradici\u00f3n; sin embargo, en un acto sin precedentes, en el titular del comunicado se\u00f1alaron que &#8220;en los documentos no se anexan pruebas&#8221; y turn\u00f3 la informaci\u00f3n a la Fiscal\u00eda General de la Rep\u00fablica.<\/p>\n\n\n\n<p>&#8220;Se informa que en los tratados vigentes hay provisiones espec\u00edficas que establecen la confidencialidad de la informaci\u00f3n, por esta raz\u00f3n se enviar\u00e1 un extra\u00f1amiento a la Embajada de los Estados Unidos por la forma en que se dio a conocer&#8221;, sentenci\u00f3 la SRE.<\/p>\n","protected":false},"excerpt":{"rendered":"<p>El Departamento de Justicia de los Estados Unidos acus\u00f3 formalmente al gobernador de Sinaloa, Rub\u00e9n Rocha Moya, y a otros nueve funcionarios y exfuncionarios; se les se\u00f1ala de conspirar con el C\u00e1rtel de Sinaloa. Estados Unidos a 29 de abril de 2026.- En un anuncio hist\u00f3rico, el Fiscal de los Estados Unidos para el Distrito [&hellip;]<\/p>\n","protected":false},"author":1,"featured_media":29648,"comment_status":"open","ping_status":"open","sticky":false,"template":"","format":"standard","meta":{"footnotes":""},"categories":[30],"tags":[],"class_list":["post-29647","post","type-post","status-publish","format-standard","has-post-thumbnail","hentry","category-internacional"],"_links":{"self":[{"href":"https:\/\/elreporterodelacomunidad.com\/index.php\/wp-json\/wp\/v2\/posts\/29647","targetHints":{"allow":["GET"]}}],"collection":[{"href":"https:\/\/elreporterodelacomunidad.com\/index.php\/wp-json\/wp\/v2\/posts"}],"about":[{"href":"https:\/\/elreporterodelacomunidad.com\/index.php\/wp-json\/wp\/v2\/types\/post"}],"author":[{"embeddable":true,"href":"https:\/\/elreporterodelacomunidad.com\/index.php\/wp-json\/wp\/v2\/users\/1"}],"replies":[{"embeddable":true,"href":"https:\/\/elreporterodelacomunidad.com\/index.php\/wp-json\/wp\/v2\/comments?post=29647"}],"version-history":[{"count":1,"href":"https:\/\/elreporterodelacomunidad.com\/index.php\/wp-json\/wp\/v2\/posts\/29647\/revisions"}],"predecessor-version":[{"id":29649,"href":"https:\/\/elreporterodelacomunidad.com\/index.php\/wp-json\/wp\/v2\/posts\/29647\/revisions\/29649"}],"wp:featuredmedia":[{"embeddable":true,"href":"https:\/\/elreporterodelacomunidad.com\/index.php\/wp-json\/wp\/v2\/media\/29648"}],"wp:attachment":[{"href":"https:\/\/elreporterodelacomunidad.com\/index.php\/wp-json\/wp\/v2\/media?parent=29647"}],"wp:term":[{"taxonomy":"category","embeddable":true,"href":"https:\/\/elreporterodelacomunidad.com\/index.php\/wp-json\/wp\/v2\/categories?post=29647"},{"taxonomy":"post_tag","embeddable":true,"href":"https:\/\/elreporterodelacomunidad.com\/index.php\/wp-json\/wp\/v2\/tags?post=29647"}],"curies":[{"name":"wp","href":"https:\/\/api.w.org\/{rel}","templated":true}]}}