{"id":29644,"date":"2026-04-29T18:59:34","date_gmt":"2026-04-30T01:59:34","guid":{"rendered":"https:\/\/elreporterodelacomunidad.com\/?p=29644"},"modified":"2026-04-29T18:59:37","modified_gmt":"2026-04-30T01:59:37","slug":"sre-confirma-solicitudes-de-extradicion-de-eeuu-tras-acusacion-contra-rocha-moya-senala-falta-de-pruebas-y-turna-caso-a-la-fgr","status":"publish","type":"post","link":"https:\/\/elreporterodelacomunidad.com\/index.php\/2026\/04\/29\/sre-confirma-solicitudes-de-extradicion-de-eeuu-tras-acusacion-contra-rocha-moya-senala-falta-de-pruebas-y-turna-caso-a-la-fgr\/","title":{"rendered":"SRE confirma solicitudes de extradici\u00f3n de EEUU tras acusaci\u00f3n contra Rocha Moya; se\u00f1ala falta de pruebas y turna caso a la FGR"},"content":{"rendered":"\n<p>Ciudad de M\u00e9xico a 29 de abril de 2026.- La Secretar\u00eda de Relaciones Exteriores (SRE) confirm\u00f3 que recibi\u00f3 solicitudes de extradici\u00f3n por parte del gobierno de Estados Unidos, luego de que autoridades acusaran formalmente al gobernador de Sinaloa, Rub\u00e9n Rocha Moya, as\u00ed como a otros funcionarios, de presuntamente colaborar con el C\u00e1rtel de Sinaloa en el tr\u00e1fico de drogas hacia dicho pa\u00eds.<\/p>\n\n\n\n<p>A trav\u00e9s de un comunicado, la canciller\u00eda mexicana aclar\u00f3 que las solicitudes enviadas por Estados Unidos no contienen, hasta el momento, elementos de prueba suficientes para determinar responsabilidades penales.<\/p>\n\n\n\n<p>La dependencia inform\u00f3 que los expedientes ya fueron turnados a la Fiscal\u00eda General de la Rep\u00fablica (FGR), instancia encargada de revisar la informaci\u00f3n y definir si existen bases legales para continuar con el proceso conforme a la legislaci\u00f3n mexicana.<\/p>\n\n\n\n<p>Adem\u00e1s, la SRE expres\u00f3 su inconformidad con la manera en que el caso fue difundido p\u00fablicamente y reclam\u00f3 a la Embajada de Estados Unidos en M\u00e9xico por el manejo de la informaci\u00f3n.<\/p>\n\n\n\n<p>La dependencia consider\u00f3 que la divulgaci\u00f3n anticipada del tema podr\u00eda afectar el debido proceso y la cooperaci\u00f3n bilateral entre ambos pa\u00edses.<\/p>\n\n\n\n<p>El caso se da en medio de la pol\u00e9mica por la investigaci\u00f3n abierta en Estados Unidos contra Rub\u00e9n Rocha Moya, quien fue acusado por la Fiscal\u00eda del Distrito Sur de Nueva York de presunto narcotr\u00e1fico, tr\u00e1fico de armas y colaboraci\u00f3n con \u2018Los Chapitos\u2018, facci\u00f3n del C\u00e1rtel de Sinaloa.<\/p>\n","protected":false},"excerpt":{"rendered":"<p>Ciudad de M\u00e9xico a 29 de abril de 2026.- La Secretar\u00eda de Relaciones Exteriores (SRE) confirm\u00f3 que recibi\u00f3 solicitudes de extradici\u00f3n por parte del gobierno de Estados Unidos, luego de que autoridades acusaran formalmente al gobernador de Sinaloa, Rub\u00e9n Rocha Moya, as\u00ed como a otros funcionarios, de presuntamente colaborar con el C\u00e1rtel de Sinaloa en [&hellip;]<\/p>\n","protected":false},"author":1,"featured_media":29645,"comment_status":"open","ping_status":"open","sticky":false,"template":"","format":"standard","meta":{"footnotes":""},"categories":[28],"tags":[],"class_list":["post-29644","post","type-post","status-publish","format-standard","has-post-thumbnail","hentry","category-nacional"],"_links":{"self":[{"href":"https:\/\/elreporterodelacomunidad.com\/index.php\/wp-json\/wp\/v2\/posts\/29644","targetHints":{"allow":["GET"]}}],"collection":[{"href":"https:\/\/elreporterodelacomunidad.com\/index.php\/wp-json\/wp\/v2\/posts"}],"about":[{"href":"https:\/\/elreporterodelacomunidad.com\/index.php\/wp-json\/wp\/v2\/types\/post"}],"author":[{"embeddable":true,"href":"https:\/\/elreporterodelacomunidad.com\/index.php\/wp-json\/wp\/v2\/users\/1"}],"replies":[{"embeddable":true,"href":"https:\/\/elreporterodelacomunidad.com\/index.php\/wp-json\/wp\/v2\/comments?post=29644"}],"version-history":[{"count":1,"href":"https:\/\/elreporterodelacomunidad.com\/index.php\/wp-json\/wp\/v2\/posts\/29644\/revisions"}],"predecessor-version":[{"id":29646,"href":"https:\/\/elreporterodelacomunidad.com\/index.php\/wp-json\/wp\/v2\/posts\/29644\/revisions\/29646"}],"wp:featuredmedia":[{"embeddable":true,"href":"https:\/\/elreporterodelacomunidad.com\/index.php\/wp-json\/wp\/v2\/media\/29645"}],"wp:attachment":[{"href":"https:\/\/elreporterodelacomunidad.com\/index.php\/wp-json\/wp\/v2\/media?parent=29644"}],"wp:term":[{"taxonomy":"category","embeddable":true,"href":"https:\/\/elreporterodelacomunidad.com\/index.php\/wp-json\/wp\/v2\/categories?post=29644"},{"taxonomy":"post_tag","embeddable":true,"href":"https:\/\/elreporterodelacomunidad.com\/index.php\/wp-json\/wp\/v2\/tags?post=29644"}],"curies":[{"name":"wp","href":"https:\/\/api.w.org\/{rel}","templated":true}]}}