{"id":29641,"date":"2026-04-29T18:55:21","date_gmt":"2026-04-30T01:55:21","guid":{"rendered":"https:\/\/elreporterodelacomunidad.com\/?p=29641"},"modified":"2026-04-29T18:55:28","modified_gmt":"2026-04-30T01:55:28","slug":"no-habra-huelga-del-staus-el-jueves-se-aprobo-una-prorroga-del-emplazamiento-para-el-14-de-mayo","status":"publish","type":"post","link":"https:\/\/elreporterodelacomunidad.com\/index.php\/2026\/04\/29\/no-habra-huelga-del-staus-el-jueves-se-aprobo-una-prorroga-del-emplazamiento-para-el-14-de-mayo\/","title":{"rendered":"No habr\u00e1 huelga del STAUS el jueves; se aprob\u00f3 una pr\u00f3rroga del emplazamiento para el 14 de mayo"},"content":{"rendered":"\n<p>Hermosillo, Sonora.- El Sindicato de Trabajadores Acad\u00e9micos de la Universidad de Sonora aprob\u00f3 una pr\u00f3rroga de 15 d\u00edas naturales al emplazamiento de huelga en la instituci\u00f3n quedando para el 14 de mayo el posible estallamiento en caso de no llegar a un acuerdo en este plazo.<\/p>\n\n\n\n<p>La votaci\u00f3n se llev\u00f3 a cabo desde las 12:00 a 16:00 horas este mi\u00e9rcoles en cada una de las unidades acad\u00e9micas con una votaci\u00f3n de 754 votos a favor la pr\u00f3rroga, que representa el 58.2 por ciento de la votaci\u00f3n y 541 en contra, un porcentaje del 41.7 por ciento.<\/p>\n\n\n\n<p>Este acuerdo tomado por el gremio ser\u00e1 notificado a las autoridades universitarias y laborales.<\/p>\n\n\n\n<p>El dirigente del sindicato de maestros universitarios, Cuauht\u00e9moc Nieblas Cota, se\u00f1al\u00f3 que la Asamblea General Extraordinaria sigue abierta para continuar el d\u00eda de ma\u00f1ana jueves para analizar la \u00faltima propuesta presentada por Rector\u00eda la noche del martes 28 de abril.<\/p>\n","protected":false},"excerpt":{"rendered":"<p>Hermosillo, Sonora.- El Sindicato de Trabajadores Acad\u00e9micos de la Universidad de Sonora aprob\u00f3 una pr\u00f3rroga de 15 d\u00edas naturales al emplazamiento de huelga en la instituci\u00f3n quedando para el 14 de mayo el posible estallamiento en caso de no llegar a un acuerdo en este plazo. La votaci\u00f3n se llev\u00f3 a cabo desde las 12:00 [&hellip;]<\/p>\n","protected":false},"author":1,"featured_media":29642,"comment_status":"open","ping_status":"open","sticky":false,"template":"","format":"standard","meta":{"footnotes":""},"categories":[36],"tags":[],"class_list":["post-29641","post","type-post","status-publish","format-standard","has-post-thumbnail","hentry","category-educacion"],"_links":{"self":[{"href":"https:\/\/elreporterodelacomunidad.com\/index.php\/wp-json\/wp\/v2\/posts\/29641","targetHints":{"allow":["GET"]}}],"collection":[{"href":"https:\/\/elreporterodelacomunidad.com\/index.php\/wp-json\/wp\/v2\/posts"}],"about":[{"href":"https:\/\/elreporterodelacomunidad.com\/index.php\/wp-json\/wp\/v2\/types\/post"}],"author":[{"embeddable":true,"href":"https:\/\/elreporterodelacomunidad.com\/index.php\/wp-json\/wp\/v2\/users\/1"}],"replies":[{"embeddable":true,"href":"https:\/\/elreporterodelacomunidad.com\/index.php\/wp-json\/wp\/v2\/comments?post=29641"}],"version-history":[{"count":1,"href":"https:\/\/elreporterodelacomunidad.com\/index.php\/wp-json\/wp\/v2\/posts\/29641\/revisions"}],"predecessor-version":[{"id":29643,"href":"https:\/\/elreporterodelacomunidad.com\/index.php\/wp-json\/wp\/v2\/posts\/29641\/revisions\/29643"}],"wp:featuredmedia":[{"embeddable":true,"href":"https:\/\/elreporterodelacomunidad.com\/index.php\/wp-json\/wp\/v2\/media\/29642"}],"wp:attachment":[{"href":"https:\/\/elreporterodelacomunidad.com\/index.php\/wp-json\/wp\/v2\/media?parent=29641"}],"wp:term":[{"taxonomy":"category","embeddable":true,"href":"https:\/\/elreporterodelacomunidad.com\/index.php\/wp-json\/wp\/v2\/categories?post=29641"},{"taxonomy":"post_tag","embeddable":true,"href":"https:\/\/elreporterodelacomunidad.com\/index.php\/wp-json\/wp\/v2\/tags?post=29641"}],"curies":[{"name":"wp","href":"https:\/\/api.w.org\/{rel}","templated":true}]}}