{"id":29635,"date":"2026-04-29T18:16:48","date_gmt":"2026-04-30T01:16:48","guid":{"rendered":"https:\/\/elreporterodelacomunidad.com\/?p=29635"},"modified":"2026-04-29T18:16:52","modified_gmt":"2026-04-30T01:16:52","slug":"llama-salud-sonora-a-prevenir-riesgos-a-la-salud-mental-infantil-por-uso-de-redes-sociales-y-dispositivos-electronicos","status":"publish","type":"post","link":"https:\/\/elreporterodelacomunidad.com\/index.php\/2026\/04\/29\/llama-salud-sonora-a-prevenir-riesgos-a-la-salud-mental-infantil-por-uso-de-redes-sociales-y-dispositivos-electronicos\/","title":{"rendered":"Llama Salud Sonora a prevenir riesgos a la salud mental infantil por uso de redes sociales y dispositivos electr\u00f3nicos"},"content":{"rendered":"\n<p>Hermosillo, Sonora; 29 de abril de 2026.\u2013 En el marco del D\u00eda del Ni\u00f1o, el Gobierno de Sonora, a trav\u00e9s de la Secretar\u00eda de Salud P\u00fablica (SSP) y de la Direcci\u00f3n de Salud Mental y Adicciones, hizo un llamado a madres, padres y cuidadores a supervisar y regular el uso de dispositivos electr\u00f3nicos y redes sociales en menores de edad, con el fin de prevenir afectaciones a su salud mental.<\/p>\n\n\n\n<p>El titular de la Direcci\u00f3n de Salud Mental y Adicciones, Antonio Noriega Escalante, se\u00f1al\u00f3 que es fundamental respetar las edades recomendadas para el uso de plataformas digitales, ya que muchas redes sociales no est\u00e1n dise\u00f1adas para ni\u00f1as y ni\u00f1os. Advirti\u00f3 que, a nivel internacional, existe preocupaci\u00f3n por los efectos del acceso temprano a estas herramientas, especialmente por riesgos como el ciberacoso, el grooming y la exposici\u00f3n a contenidos inapropiados.<\/p>\n\n\n\n<p>Explic\u00f3 que, aunque los dispositivos electr\u00f3nicos no son da\u00f1inos por s\u00ed mismos, el problema radica en el uso sin supervisi\u00f3n y en la falta de l\u00edmites. Subray\u00f3 que, en algunos casos, estos aparatos se utilizan como sustitutos de la crianza, lo que puede derivar en dificultades para el seguimiento de instrucciones, conductas oposicionistas y problemas de comportamiento.<\/p>\n\n\n\n<p>Asimismo, indic\u00f3 que el uso excesivo de pantallas a edades tempranas puede impactar en el desarrollo de la psicomotricidad fina, lo que influye en el aprendizaje y en el desarrollo integral de ni\u00f1as y ni\u00f1os. Adem\u00e1s, alert\u00f3 que, en entornos digitales como redes sociales y videojuegos, los menores pueden ser v\u00edctimas de acoso, manipulaci\u00f3n o incluso intentos de reclutamiento por parte de adultos con malas intenciones.<\/p>\n\n\n\n<p>Finalmente, enfatiz\u00f3 que la exposici\u00f3n constante a interacciones negativas en l\u00ednea puede generar baja autoestima, ansiedad y depresi\u00f3n en la ni\u00f1ez, al confundir la realidad con lo que ocurre en el entorno digital. Por ello, reiter\u00f3 la importancia de fomentar una crianza activa, con reglas claras, acompa\u00f1amiento constante y un uso responsable de la tecnolog\u00eda en el hogar.<\/p>\n","protected":false},"excerpt":{"rendered":"<p>Hermosillo, Sonora; 29 de abril de 2026.\u2013 En el marco del D\u00eda del Ni\u00f1o, el Gobierno de Sonora, a trav\u00e9s de la Secretar\u00eda de Salud P\u00fablica (SSP) y de la Direcci\u00f3n de Salud Mental y Adicciones, hizo un llamado a madres, padres y cuidadores a supervisar y regular el uso de dispositivos electr\u00f3nicos y redes [&hellip;]<\/p>\n","protected":false},"author":4,"featured_media":29636,"comment_status":"open","ping_status":"open","sticky":false,"template":"","format":"standard","meta":{"footnotes":""},"categories":[40],"tags":[],"class_list":["post-29635","post","type-post","status-publish","format-standard","has-post-thumbnail","hentry","category-cienciaytecnologia"],"_links":{"self":[{"href":"https:\/\/elreporterodelacomunidad.com\/index.php\/wp-json\/wp\/v2\/posts\/29635","targetHints":{"allow":["GET"]}}],"collection":[{"href":"https:\/\/elreporterodelacomunidad.com\/index.php\/wp-json\/wp\/v2\/posts"}],"about":[{"href":"https:\/\/elreporterodelacomunidad.com\/index.php\/wp-json\/wp\/v2\/types\/post"}],"author":[{"embeddable":true,"href":"https:\/\/elreporterodelacomunidad.com\/index.php\/wp-json\/wp\/v2\/users\/4"}],"replies":[{"embeddable":true,"href":"https:\/\/elreporterodelacomunidad.com\/index.php\/wp-json\/wp\/v2\/comments?post=29635"}],"version-history":[{"count":1,"href":"https:\/\/elreporterodelacomunidad.com\/index.php\/wp-json\/wp\/v2\/posts\/29635\/revisions"}],"predecessor-version":[{"id":29637,"href":"https:\/\/elreporterodelacomunidad.com\/index.php\/wp-json\/wp\/v2\/posts\/29635\/revisions\/29637"}],"wp:featuredmedia":[{"embeddable":true,"href":"https:\/\/elreporterodelacomunidad.com\/index.php\/wp-json\/wp\/v2\/media\/29636"}],"wp:attachment":[{"href":"https:\/\/elreporterodelacomunidad.com\/index.php\/wp-json\/wp\/v2\/media?parent=29635"}],"wp:term":[{"taxonomy":"category","embeddable":true,"href":"https:\/\/elreporterodelacomunidad.com\/index.php\/wp-json\/wp\/v2\/categories?post=29635"},{"taxonomy":"post_tag","embeddable":true,"href":"https:\/\/elreporterodelacomunidad.com\/index.php\/wp-json\/wp\/v2\/tags?post=29635"}],"curies":[{"name":"wp","href":"https:\/\/api.w.org\/{rel}","templated":true}]}}