{"id":29620,"date":"2026-04-29T15:29:43","date_gmt":"2026-04-29T22:29:43","guid":{"rendered":"https:\/\/elreporterodelacomunidad.com\/?p=29620"},"modified":"2026-04-29T15:29:49","modified_gmt":"2026-04-29T22:29:49","slug":"pri-sonora-en-defensa-de-la-economia-de-el-sahuaro","status":"publish","type":"post","link":"https:\/\/elreporterodelacomunidad.com\/index.php\/2026\/04\/29\/pri-sonora-en-defensa-de-la-economia-de-el-sahuaro\/","title":{"rendered":"PRI Sonora, en defensa de la econom\u00eda de El Sahuaro"},"content":{"rendered":"\n<p>Hermosillo, Sonora; 29 de abril de 2026.- Como parte del compromiso de defender de la ciudadan\u00eda, el PRI Sonora, en equipo con el PRI Hermosillo, llev\u00f3 a cabo una exitosa jornada comunitaria en la colonia El Sahuaro, donde cientos de habitantes del sector accedieron a diversos servicios gratuitos y de apoyo social.<\/p>\n\n\n\n<p>Durante la jornada, se ofrecieron servicios como corte de cabello, mercado de frutas y verduras a bajo costo, bazar de ropa, asesor\u00eda legal, atenci\u00f3n directa de regidores, consultas m\u00e9dicas, entrega de lentes gratuitos, orientaci\u00f3n nutricional, as\u00ed como un curso de cocina econ\u00f3mica y m\u00fasica en vivo para las familias asistentes.<\/p>\n\n\n\n<p>Acompa\u00f1ada por Jorge Meade Ocaranza, Secretario de Organizaci\u00f3n del CEN del PRI, a quien agradeci\u00f3 su presencia como invitado de honor, Soto Holgu\u00edn destac\u00f3 la importancia de mantener un partido cercano a la gente y atento a sus necesidades.<\/p>\n\n\n\n<p>\u201cEstas jornadas son muestra de que el PRI est\u00e1 presente, trabajando en equipo y en defensa de la gente, siempre del lado de las familias sonorenses\u201d, expres\u00f3.<\/p>\n\n\n\n<p>Asimismo, se\u00f1al\u00f3 que estas acciones forman parte del esquema nacional de Defensores de M\u00e9xico, impulsado por el partido, y que en Sonora es representado por la propia Lupita Soto Holgu\u00edn y V\u00edctor Hugo Celaya, quien tambi\u00e9n estuvo presente en el evento.<\/p>\n\n\n\n<p>El evento, llevado a cabo en la cancha del parque Luis Orc\u00ed, en El Sahuaro, se realiz\u00f3 gracias a la organizaci\u00f3n del PRI Sonora junto al PRI Hermosillo, la ONMPRI, la Red J\u00f3venes X M\u00e9xico, el Movimiento Territorial, la Confederaci\u00f3n Nacional de Organizaciones Populares, entre otros sectores y organizaciones del PRI.<\/p>\n\n\n\n<p>Con este tipo de actividades, el PRI Sonora refrenda su compromiso de construir soluciones desde el territorio, fortaleciendo el v\u00ednculo con la ciudadan\u00eda y apoyando directamente a quienes m\u00e1s lo necesitan.<\/p>\n\n\n\n<p class=\"has-text-align-center\"><img loading=\"lazy\" decoding=\"async\" width=\"500\" height=\"375\" class=\"wp-image-29622\" style=\"width: 500px;\" src=\"https:\/\/elreporterodelacomunidad.com\/wp-content\/uploads\/2026\/04\/0633294a-0c2b-432a-a960-4b1688675a7a.jpg\" alt=\"\" srcset=\"https:\/\/elreporterodelacomunidad.com\/wp-content\/uploads\/2026\/04\/0633294a-0c2b-432a-a960-4b1688675a7a.jpg 1600w, https:\/\/elreporterodelacomunidad.com\/wp-content\/uploads\/2026\/04\/0633294a-0c2b-432a-a960-4b1688675a7a-300x225.jpg 300w, https:\/\/elreporterodelacomunidad.com\/wp-content\/uploads\/2026\/04\/0633294a-0c2b-432a-a960-4b1688675a7a-1024x769.jpg 1024w, https:\/\/elreporterodelacomunidad.com\/wp-content\/uploads\/2026\/04\/0633294a-0c2b-432a-a960-4b1688675a7a-768x576.jpg 768w, https:\/\/elreporterodelacomunidad.com\/wp-content\/uploads\/2026\/04\/0633294a-0c2b-432a-a960-4b1688675a7a-1536x1153.jpg 1536w, https:\/\/elreporterodelacomunidad.com\/wp-content\/uploads\/2026\/04\/0633294a-0c2b-432a-a960-4b1688675a7a-750x563.jpg 750w, https:\/\/elreporterodelacomunidad.com\/wp-content\/uploads\/2026\/04\/0633294a-0c2b-432a-a960-4b1688675a7a-1140x856.jpg 1140w\" sizes=\"auto, (max-width: 500px) 100vw, 500px\" \/><\/p>\n","protected":false},"excerpt":{"rendered":"<p>Hermosillo, Sonora; 29 de abril de 2026.- Como parte del compromiso de defender de la ciudadan\u00eda, el PRI Sonora, en equipo con el PRI Hermosillo, llev\u00f3 a cabo una exitosa jornada comunitaria en la colonia El Sahuaro, donde cientos de habitantes del sector accedieron a diversos servicios gratuitos y de apoyo social. Durante la jornada, [&hellip;]<\/p>\n","protected":false},"author":4,"featured_media":29621,"comment_status":"open","ping_status":"open","sticky":false,"template":"","format":"standard","meta":{"footnotes":""},"categories":[39],"tags":[],"class_list":["post-29620","post","type-post","status-publish","format-standard","has-post-thumbnail","hentry","category-politica"],"_links":{"self":[{"href":"https:\/\/elreporterodelacomunidad.com\/index.php\/wp-json\/wp\/v2\/posts\/29620","targetHints":{"allow":["GET"]}}],"collection":[{"href":"https:\/\/elreporterodelacomunidad.com\/index.php\/wp-json\/wp\/v2\/posts"}],"about":[{"href":"https:\/\/elreporterodelacomunidad.com\/index.php\/wp-json\/wp\/v2\/types\/post"}],"author":[{"embeddable":true,"href":"https:\/\/elreporterodelacomunidad.com\/index.php\/wp-json\/wp\/v2\/users\/4"}],"replies":[{"embeddable":true,"href":"https:\/\/elreporterodelacomunidad.com\/index.php\/wp-json\/wp\/v2\/comments?post=29620"}],"version-history":[{"count":1,"href":"https:\/\/elreporterodelacomunidad.com\/index.php\/wp-json\/wp\/v2\/posts\/29620\/revisions"}],"predecessor-version":[{"id":29623,"href":"https:\/\/elreporterodelacomunidad.com\/index.php\/wp-json\/wp\/v2\/posts\/29620\/revisions\/29623"}],"wp:featuredmedia":[{"embeddable":true,"href":"https:\/\/elreporterodelacomunidad.com\/index.php\/wp-json\/wp\/v2\/media\/29621"}],"wp:attachment":[{"href":"https:\/\/elreporterodelacomunidad.com\/index.php\/wp-json\/wp\/v2\/media?parent=29620"}],"wp:term":[{"taxonomy":"category","embeddable":true,"href":"https:\/\/elreporterodelacomunidad.com\/index.php\/wp-json\/wp\/v2\/categories?post=29620"},{"taxonomy":"post_tag","embeddable":true,"href":"https:\/\/elreporterodelacomunidad.com\/index.php\/wp-json\/wp\/v2\/tags?post=29620"}],"curies":[{"name":"wp","href":"https:\/\/api.w.org\/{rel}","templated":true}]}}