{"id":29617,"date":"2026-04-29T15:22:25","date_gmt":"2026-04-29T22:22:25","guid":{"rendered":"https:\/\/elreporterodelacomunidad.com\/?p=29617"},"modified":"2026-04-29T15:22:29","modified_gmt":"2026-04-29T22:22:29","slug":"anuncian-la-decima-edicion-del-maraton-internacional-de-hermosillo-2026","status":"publish","type":"post","link":"https:\/\/elreporterodelacomunidad.com\/index.php\/2026\/04\/29\/anuncian-la-decima-edicion-del-maraton-internacional-de-hermosillo-2026\/","title":{"rendered":"Anuncian la d\u00e9cima edici\u00f3n del Marat\u00f3n Internacional de Hermosillo 2026"},"content":{"rendered":"\n<p>El evento internacional ser\u00e1 el pr\u00f3ximo 29 de noviembre<\/p>\n\n\n\n<p>Ser\u00e1 a beneficio de la Fundaci\u00f3n Pintando Sonrisas y Fundaci\u00f3n Cruz Galvez.<\/p>\n\n\n\n<p>Destacan premios de hasta $25,000 pesos en los 42K absolutos, as\u00ed como incentivos por categor\u00eda y un premio especial al mejor corredor sonorense.<\/p>\n\n\n\n<p>Hermosillo, Sonora; 29 de abril, 2026.- El Ayuntamiento de Hermosillo a trav\u00e9s del Instituto del Deporte y el comit\u00e9 organizador anuncian la d\u00e9cima edici\u00f3n del Marat\u00f3n Internacional de Hermosillo, a celebrarse el pr\u00f3ximo 29 de noviembre del 2026, uno de los eventos deportivos m\u00e1s importantes del noroeste del pa\u00eds.<\/p>\n\n\n\n<p>En esta d\u00e9cima edici\u00f3n en la que se present\u00f3 el nuevo logo oficial, Rafael Cruz Flores, director general del Instituto del Deporte de Hermosillo mencion\u00f3 que bajo la instrucci\u00f3n del presidente municipal Antonio Astiazar\u00e1n, contar\u00e1n con un operativo integral de seguridad, en coordinaci\u00f3n con Tr\u00e1nsito Municipal, Protecci\u00f3n Civil y cuerpos de emergencia, asegurando una ruta protegida, se\u00f1alizada y monitoreada en todo momento.<\/p>\n\n\n\n<p>Por su parte, Adolfo Cota, director del comit\u00e9 organizador, expres\u00f3 que representa un compromiso renovado con la calidad, la transparencia y el crecimiento del evento, agradeciendo de manera especial el respaldo del presidente de la Federaci\u00f3n, Ren\u00e9 Valdez, por su impulso al atletismo.<\/p>\n\n\n\n<p>Parte de lo recaudado se destinar\u00e1 a apoyar a organizaciones como Fundaci\u00f3n Pintando Sonrisas y Fundaci\u00f3n Cruz G\u00e1lvez, reafirmando que este marat\u00f3n no solo impulsa el deporte, sino tambi\u00e9n la solidaridad en la comunidad.<\/p>\n\n\n\n<p>Las inscripciones ya se encuentran abiertas en l\u00ednea, con promoci\u00f3n vigente hasta el 30 de junio que incluye playera de entrenamiento gratuita y gorra dry fit, en el portal: www.maratonsonora.com<\/p>\n\n\n\n<p>Se anunci\u00f3 que la premiaci\u00f3n ser\u00e1 en efectivo y entregada el mismo d\u00eda del evento, garantizando reconocimiento inmediato y justo para los participantes, en la que destacan premios de hasta $25,000 pesos en los 42K absolutos, as\u00ed como incentivos por categor\u00eda 21K, 10K Y 5K y un premio especial al mejor corredor sonorense tanto varonil como femenil.<\/p>\n\n\n\n<p>Estuvieron en la coferencia H\u00e9ctor Zaragoza, Director de ruta Mi Amigo Fit; Martha Arteaga, Directora de la Agencia Viajes Palo Verde; Miguel \u00c1ngel Magruegu\u00ed, Director del Internado Cruz G\u00e1lvez; Karla Marquez, Directora de la Fundaci\u00f3n Pintando Sonrisas y Jos\u00e9 Emilio Pati\u00f1o, Director de Mercadotecnia.<\/p>\n","protected":false},"excerpt":{"rendered":"<p>El evento internacional ser\u00e1 el pr\u00f3ximo 29 de noviembre Ser\u00e1 a beneficio de la Fundaci\u00f3n Pintando Sonrisas y Fundaci\u00f3n Cruz Galvez. Destacan premios de hasta $25,000 pesos en los 42K absolutos, as\u00ed como incentivos por categor\u00eda y un premio especial al mejor corredor sonorense. Hermosillo, Sonora; 29 de abril, 2026.- El Ayuntamiento de Hermosillo a [&hellip;]<\/p>\n","protected":false},"author":4,"featured_media":29618,"comment_status":"open","ping_status":"open","sticky":false,"template":"","format":"standard","meta":{"footnotes":""},"categories":[33,26],"tags":[],"class_list":["post-29617","post","type-post","status-publish","format-standard","has-post-thumbnail","hentry","category-deportes","category-principal"],"_links":{"self":[{"href":"https:\/\/elreporterodelacomunidad.com\/index.php\/wp-json\/wp\/v2\/posts\/29617","targetHints":{"allow":["GET"]}}],"collection":[{"href":"https:\/\/elreporterodelacomunidad.com\/index.php\/wp-json\/wp\/v2\/posts"}],"about":[{"href":"https:\/\/elreporterodelacomunidad.com\/index.php\/wp-json\/wp\/v2\/types\/post"}],"author":[{"embeddable":true,"href":"https:\/\/elreporterodelacomunidad.com\/index.php\/wp-json\/wp\/v2\/users\/4"}],"replies":[{"embeddable":true,"href":"https:\/\/elreporterodelacomunidad.com\/index.php\/wp-json\/wp\/v2\/comments?post=29617"}],"version-history":[{"count":1,"href":"https:\/\/elreporterodelacomunidad.com\/index.php\/wp-json\/wp\/v2\/posts\/29617\/revisions"}],"predecessor-version":[{"id":29619,"href":"https:\/\/elreporterodelacomunidad.com\/index.php\/wp-json\/wp\/v2\/posts\/29617\/revisions\/29619"}],"wp:featuredmedia":[{"embeddable":true,"href":"https:\/\/elreporterodelacomunidad.com\/index.php\/wp-json\/wp\/v2\/media\/29618"}],"wp:attachment":[{"href":"https:\/\/elreporterodelacomunidad.com\/index.php\/wp-json\/wp\/v2\/media?parent=29617"}],"wp:term":[{"taxonomy":"category","embeddable":true,"href":"https:\/\/elreporterodelacomunidad.com\/index.php\/wp-json\/wp\/v2\/categories?post=29617"},{"taxonomy":"post_tag","embeddable":true,"href":"https:\/\/elreporterodelacomunidad.com\/index.php\/wp-json\/wp\/v2\/tags?post=29617"}],"curies":[{"name":"wp","href":"https:\/\/api.w.org\/{rel}","templated":true}]}}