{"id":29613,"date":"2026-04-29T13:03:50","date_gmt":"2026-04-29T20:03:50","guid":{"rendered":"https:\/\/elreporterodelacomunidad.com\/?p=29613"},"modified":"2026-04-29T13:03:52","modified_gmt":"2026-04-29T20:03:52","slug":"operativo-pesp-en-coordinacion-con-defensa-sspc-y-policia-municipal-detiene-en-nogales-a-persona-armada","status":"publish","type":"post","link":"https:\/\/elreporterodelacomunidad.com\/index.php\/2026\/04\/29\/operativo-pesp-en-coordinacion-con-defensa-sspc-y-policia-municipal-detiene-en-nogales-a-persona-armada\/","title":{"rendered":"Operativo PESP en coordinaci\u00f3n con Defensa, SSPC y Polic\u00eda Municipal detiene en Nogales a persona armada"},"content":{"rendered":"\n<p>Nogales, Sonora; 29 de abril de 2026.\u2013 Tras una acci\u00f3n coordinada entre la Polic\u00eda Estatal de Seguridad P\u00fablica (PESP) y autoridades de seguridad de los tres niveles de gobierno que trabajan en Nogales, se logr\u00f3 la detenci\u00f3n de un hombre armado y con equipo de comunicaci\u00f3n.<\/p>\n\n\n\n<p>Atendiendo la denuncia ciudadana, en la colonia Las Torres, la PESP, la Secretar\u00eda de Seguridad y Protecci\u00f3n Ciudadana (SSPC) federal, la Secretar\u00eda de la Defensa Nacional (Defensa) y la Polic\u00eda Municipal participaron en la detenci\u00f3n de un hombre que se identific\u00f3 como Jes\u00fas \u201cN\u201d, de 38 a\u00f1os de edad, a quien se le asegur\u00f3 un radio, as\u00ed como un arma de fuego con cargador y cartuchos calibre 9 mm.<\/p>\n\n\n\n<p>El sujeto tripulaba un veh\u00edculo Toyota, l\u00ednea Tacoma, en el que intent\u00f3 huir, impactando a una unidad de las fuerzas federales y un domicilio del sector; en el sitio, los polic\u00edas procedieron de inmediato a su detenci\u00f3n e informaron sobre los derechos de las personas detenidas.<\/p>\n\n\n\n<p>Comprometidos en atender la denuncia ciudadana y fortalecer las acciones de seguridad, la Polic\u00eda Estatal continuar\u00e1 en operativo por los municipios del norte de Sonora, reiterando el llamado a la denuncia del delito a la l\u00ednea an\u00f3nima 089 y al 9-1-1 de emergencias.<\/p>\n\n\n\n<p>Nota: Se informa que las personas detenidas se presumen inocentes y ser\u00e1n tratadas como tales en todas las etapas del procedimiento, mientras no se declare su responsabilidad mediante sentencia emitida por el \u00f3rgano jurisdiccional correspondiente, conforme al art\u00edculo 13 del C\u00f3digo Nacional de Procedimientos Penales.<\/p>\n\n\n\n<p class=\"has-text-align-center\"><img loading=\"lazy\" decoding=\"async\" width=\"500\" height=\"660\" class=\"wp-image-29615\" style=\"width: 500px;\" src=\"https:\/\/elreporterodelacomunidad.com\/wp-content\/uploads\/2026\/04\/3317e94f-4751-4f50-b1a2-3fb3aeb6b368.jpg\" alt=\"\"><\/p>\n","protected":false},"excerpt":{"rendered":"<p>Nogales, Sonora; 29 de abril de 2026.\u2013 Tras una acci\u00f3n coordinada entre la Polic\u00eda Estatal de Seguridad P\u00fablica (PESP) y autoridades de seguridad de los tres niveles de gobierno que trabajan en Nogales, se logr\u00f3 la detenci\u00f3n de un hombre armado y con equipo de comunicaci\u00f3n. Atendiendo la denuncia ciudadana, en la colonia Las Torres, [&hellip;]<\/p>\n","protected":false},"author":1,"featured_media":29614,"comment_status":"open","ping_status":"open","sticky":false,"template":"","format":"standard","meta":{"footnotes":""},"categories":[32],"tags":[],"class_list":["post-29613","post","type-post","status-publish","format-standard","has-post-thumbnail","hentry","category-policiaca"],"_links":{"self":[{"href":"https:\/\/elreporterodelacomunidad.com\/index.php\/wp-json\/wp\/v2\/posts\/29613","targetHints":{"allow":["GET"]}}],"collection":[{"href":"https:\/\/elreporterodelacomunidad.com\/index.php\/wp-json\/wp\/v2\/posts"}],"about":[{"href":"https:\/\/elreporterodelacomunidad.com\/index.php\/wp-json\/wp\/v2\/types\/post"}],"author":[{"embeddable":true,"href":"https:\/\/elreporterodelacomunidad.com\/index.php\/wp-json\/wp\/v2\/users\/1"}],"replies":[{"embeddable":true,"href":"https:\/\/elreporterodelacomunidad.com\/index.php\/wp-json\/wp\/v2\/comments?post=29613"}],"version-history":[{"count":1,"href":"https:\/\/elreporterodelacomunidad.com\/index.php\/wp-json\/wp\/v2\/posts\/29613\/revisions"}],"predecessor-version":[{"id":29616,"href":"https:\/\/elreporterodelacomunidad.com\/index.php\/wp-json\/wp\/v2\/posts\/29613\/revisions\/29616"}],"wp:featuredmedia":[{"embeddable":true,"href":"https:\/\/elreporterodelacomunidad.com\/index.php\/wp-json\/wp\/v2\/media\/29614"}],"wp:attachment":[{"href":"https:\/\/elreporterodelacomunidad.com\/index.php\/wp-json\/wp\/v2\/media?parent=29613"}],"wp:term":[{"taxonomy":"category","embeddable":true,"href":"https:\/\/elreporterodelacomunidad.com\/index.php\/wp-json\/wp\/v2\/categories?post=29613"},{"taxonomy":"post_tag","embeddable":true,"href":"https:\/\/elreporterodelacomunidad.com\/index.php\/wp-json\/wp\/v2\/tags?post=29613"}],"curies":[{"name":"wp","href":"https:\/\/api.w.org\/{rel}","templated":true}]}}