{"id":29603,"date":"2026-04-29T12:35:04","date_gmt":"2026-04-29T19:35:04","guid":{"rendered":"https:\/\/elreporterodelacomunidad.com\/?p=29603"},"modified":"2026-04-29T12:35:07","modified_gmt":"2026-04-29T19:35:07","slug":"entre-pizzas-pinatas-y-abrazos-festejaron-su-dia-ninos-de-la-guayacan-y-pacientes-oncologicos","status":"publish","type":"post","link":"https:\/\/elreporterodelacomunidad.com\/index.php\/2026\/04\/29\/entre-pizzas-pinatas-y-abrazos-festejaron-su-dia-ninos-de-la-guayacan-y-pacientes-oncologicos\/","title":{"rendered":"Entre pizzas, pi\u00f1atas y abrazos, festejaron su d\u00eda ni\u00f1os de la Guayac\u00e1n y pacientes oncol\u00f3gicos"},"content":{"rendered":"\n<p>El senador Manlio Fabio Beltrones se sum\u00f3 al festejo de ni\u00f1os vulnerables y peque\u00f1os pacientes con c\u00e1ncer.<\/p>\n\n\n\n<p>\u201dEs un honor sumarme a las y los ciudadanos que trabajan arduamente para garantizar a nuestra ni\u00f1ez vulnerable, y a peque\u00f1os pacientes oncol\u00f3gicos, alimento y momentos felices\u201d: Manlio Fabio Beltrones<\/p>\n\n\n\n<p>Hermosillo, Sonora; abril 29 de 2026.- Con un clima ideal como marco, los peque\u00f1os rostros se vistieron de sonrisas. Esa fue la mejor recompensa al esfuerzo por recordar que ser ni\u00f1o se debe celebrar con alegr\u00eda.<\/p>\n\n\n\n<p>As\u00ed festejaron su d\u00eda las ni\u00f1as y los ni\u00f1os del desayunador Leche y Miel, en la colonia Guayac\u00e1n, y los peque\u00f1os pacientes oncol\u00f3gicos en Hermosillo.<\/p>\n\n\n\n<p>\u201cEs un honor sumarme a las y los ciudadanos que trabajan arduamente para garantizar a nuestra ni\u00f1ez vulnerable, y a peque\u00f1os pacientes oncol\u00f3gicos, alimento y momentos felices\u201d, expres\u00f3 el senador Manlio Fabio Beltrones en un mensaje dirigido a las asociaciones civiles que hacen posible la atenci\u00f3n a la ni\u00f1ez vulnerable.<\/p>\n\n\n\n<p>En esta ocasi\u00f3n, el Desayunador Leche y Miel \u2014que desde hace 6 a\u00f1os brinda de lunes a s\u00e1bado alimento a m\u00e1s de 40 ni\u00f1as, ni\u00f1os y sus madres en la colonia Guayac\u00e1n, gracias a donaciones\u2014 y la Fundaci\u00f3n Airam \u2014que otorga apoyo integral y acompa\u00f1amiento a ni\u00f1as, ni\u00f1os y adolescentes con c\u00e1ncer\u2014 invitaron al senador sonorense a participar en el festejo del D\u00eda del Ni\u00f1o. El objetivo se cumpli\u00f3 con creces.<\/p>\n\n\n\n<p class=\"has-text-align-center\"><img loading=\"lazy\" decoding=\"async\" width=\"500\" height=\"375\" class=\"wp-image-29605\" style=\"width: 500px;\" src=\"https:\/\/elreporterodelacomunidad.com\/wp-content\/uploads\/2026\/04\/WhatsApp-Image-2026-04-29-at-09.39.05-1.jpeg\" alt=\"\" srcset=\"https:\/\/elreporterodelacomunidad.com\/wp-content\/uploads\/2026\/04\/WhatsApp-Image-2026-04-29-at-09.39.05-1.jpeg 1600w, https:\/\/elreporterodelacomunidad.com\/wp-content\/uploads\/2026\/04\/WhatsApp-Image-2026-04-29-at-09.39.05-1-300x225.jpeg 300w, https:\/\/elreporterodelacomunidad.com\/wp-content\/uploads\/2026\/04\/WhatsApp-Image-2026-04-29-at-09.39.05-1-1024x768.jpeg 1024w, https:\/\/elreporterodelacomunidad.com\/wp-content\/uploads\/2026\/04\/WhatsApp-Image-2026-04-29-at-09.39.05-1-768x576.jpeg 768w, https:\/\/elreporterodelacomunidad.com\/wp-content\/uploads\/2026\/04\/WhatsApp-Image-2026-04-29-at-09.39.05-1-1536x1152.jpeg 1536w, https:\/\/elreporterodelacomunidad.com\/wp-content\/uploads\/2026\/04\/WhatsApp-Image-2026-04-29-at-09.39.05-1-750x563.jpeg 750w, https:\/\/elreporterodelacomunidad.com\/wp-content\/uploads\/2026\/04\/WhatsApp-Image-2026-04-29-at-09.39.05-1-1140x855.jpeg 1140w\" sizes=\"auto, (max-width: 500px) 100vw, 500px\" \/><\/p>\n\n\n\n<p>Desayuno casero vs. pizza<\/p>\n\n\n\n<p>El men\u00fa habitual cambi\u00f3 para los peque\u00f1os del desayunador. A petici\u00f3n de los festejados, la cocina casera se sustituy\u00f3 por pizza y jugos, lo que fue de gran agrado para los peque\u00f1os.<\/p>\n\n\n\n<p>Lejos del hospital, quebraron pi\u00f1ata con sus padres<\/p>\n\n\n\n<p>Por la tarde, un clima ideal sumado a las sonrisas hicieron perfecta la experiencia para los peque\u00f1os pacientes oncol\u00f3gicos. Hubo desde show de magia, de zancos, y la visita o exhibici\u00f3n de luchadores locales. Tambi\u00e9n con gran alegr\u00eda los peque\u00f1os disfrutaron al ver a sus padres participar en diversos juegos de convivencia y compartieron actividades recreativas. No pod\u00edan faltar la pi\u00f1ata, la entrega de dulces y, por supuesto, los regalos.<\/p>\n\n\n\n<p>El senador Manlio Fabio Beltrones felicit\u00f3 a Mar\u00eda de los \u00c1ngeles Cort\u00e9z Hern\u00e1ndez, directora de la Fundaci\u00f3n Airam, y a Claudia Ojeda Lerma, fundadora del desayunador comunitario de la colonia Guayac\u00e1n, por su solidaria labor:<\/p>\n\n\n\n<p>\u201cQuienes desde su coraz\u00f3n mantienen el compromiso de fortalecer a nuestra comunidad mediante la atenci\u00f3n a los m\u00e1s vulnerables, siempre contar\u00e1n con mi admiraci\u00f3n, respeto y total apoyo\u201d, puntualiz\u00f3 el senador sonorense.<\/p>\n\n\n\n<p class=\"has-text-align-center\"><img loading=\"lazy\" decoding=\"async\" width=\"500\" height=\"342\" class=\"wp-image-29606\" style=\"width: 500px;\" src=\"https:\/\/elreporterodelacomunidad.com\/wp-content\/uploads\/2026\/04\/WhatsApp-Image-2026-04-29-at-09.39.04.jpeg\" alt=\"\" srcset=\"https:\/\/elreporterodelacomunidad.com\/wp-content\/uploads\/2026\/04\/WhatsApp-Image-2026-04-29-at-09.39.04.jpeg 1280w, https:\/\/elreporterodelacomunidad.com\/wp-content\/uploads\/2026\/04\/WhatsApp-Image-2026-04-29-at-09.39.04-300x205.jpeg 300w, https:\/\/elreporterodelacomunidad.com\/wp-content\/uploads\/2026\/04\/WhatsApp-Image-2026-04-29-at-09.39.04-1024x701.jpeg 1024w, https:\/\/elreporterodelacomunidad.com\/wp-content\/uploads\/2026\/04\/WhatsApp-Image-2026-04-29-at-09.39.04-768x526.jpeg 768w, https:\/\/elreporterodelacomunidad.com\/wp-content\/uploads\/2026\/04\/WhatsApp-Image-2026-04-29-at-09.39.04-750x513.jpeg 750w, https:\/\/elreporterodelacomunidad.com\/wp-content\/uploads\/2026\/04\/WhatsApp-Image-2026-04-29-at-09.39.04-1140x780.jpeg 1140w\" sizes=\"auto, (max-width: 500px) 100vw, 500px\" \/><\/p>\n","protected":false},"excerpt":{"rendered":"<p>El senador Manlio Fabio Beltrones se sum\u00f3 al festejo de ni\u00f1os vulnerables y peque\u00f1os pacientes con c\u00e1ncer. \u201dEs un honor sumarme a las y los ciudadanos que trabajan arduamente para garantizar a nuestra ni\u00f1ez vulnerable, y a peque\u00f1os pacientes oncol\u00f3gicos, alimento y momentos felices\u201d: Manlio Fabio Beltrones Hermosillo, Sonora; abril 29 de 2026.- Con un [&hellip;]<\/p>\n","protected":false},"author":4,"featured_media":29604,"comment_status":"open","ping_status":"open","sticky":false,"template":"","format":"standard","meta":{"footnotes":""},"categories":[34,26],"tags":[],"class_list":["post-29603","post","type-post","status-publish","format-standard","has-post-thumbnail","hentry","category-general","category-principal"],"_links":{"self":[{"href":"https:\/\/elreporterodelacomunidad.com\/index.php\/wp-json\/wp\/v2\/posts\/29603","targetHints":{"allow":["GET"]}}],"collection":[{"href":"https:\/\/elreporterodelacomunidad.com\/index.php\/wp-json\/wp\/v2\/posts"}],"about":[{"href":"https:\/\/elreporterodelacomunidad.com\/index.php\/wp-json\/wp\/v2\/types\/post"}],"author":[{"embeddable":true,"href":"https:\/\/elreporterodelacomunidad.com\/index.php\/wp-json\/wp\/v2\/users\/4"}],"replies":[{"embeddable":true,"href":"https:\/\/elreporterodelacomunidad.com\/index.php\/wp-json\/wp\/v2\/comments?post=29603"}],"version-history":[{"count":1,"href":"https:\/\/elreporterodelacomunidad.com\/index.php\/wp-json\/wp\/v2\/posts\/29603\/revisions"}],"predecessor-version":[{"id":29607,"href":"https:\/\/elreporterodelacomunidad.com\/index.php\/wp-json\/wp\/v2\/posts\/29603\/revisions\/29607"}],"wp:featuredmedia":[{"embeddable":true,"href":"https:\/\/elreporterodelacomunidad.com\/index.php\/wp-json\/wp\/v2\/media\/29604"}],"wp:attachment":[{"href":"https:\/\/elreporterodelacomunidad.com\/index.php\/wp-json\/wp\/v2\/media?parent=29603"}],"wp:term":[{"taxonomy":"category","embeddable":true,"href":"https:\/\/elreporterodelacomunidad.com\/index.php\/wp-json\/wp\/v2\/categories?post=29603"},{"taxonomy":"post_tag","embeddable":true,"href":"https:\/\/elreporterodelacomunidad.com\/index.php\/wp-json\/wp\/v2\/tags?post=29603"}],"curies":[{"name":"wp","href":"https:\/\/api.w.org\/{rel}","templated":true}]}}