{"id":29596,"date":"2026-04-28T20:41:32","date_gmt":"2026-04-29T03:41:32","guid":{"rendered":"https:\/\/elreporterodelacomunidad.com\/?p=29596"},"modified":"2026-04-28T20:41:35","modified_gmt":"2026-04-29T03:41:35","slug":"fausto-soto-silva-el-hombre-antena-rumbo-a-la-inmortalidad-en-el-salon-de-la-fama-del-beisbol-mexicano","status":"publish","type":"post","link":"https:\/\/elreporterodelacomunidad.com\/index.php\/2026\/04\/28\/fausto-soto-silva-el-hombre-antena-rumbo-a-la-inmortalidad-en-el-salon-de-la-fama-del-beisbol-mexicano\/","title":{"rendered":"Fausto Soto Silva, \u201cEl Hombre Antena\u201d: Rumbo a la inmortalidad en el Sal\u00f3n de la Fama del Beisbol Mexicano"},"content":{"rendered":"\n<p>Hermosillo, Sonora a 28 de abril de 2026.- El firmamento del beisbol nacional se prepara para recibir a una de sus voces m\u00e1s emblem\u00e1ticas. Se ha hecho oficial la nominaci\u00f3n de la leyenda sonorense, Fausto Soto Silva, para ingresar al Sal\u00f3n de la Fama del Beisbol Mexicano como parte de la Clase 2026 en la categor\u00eda de Cronista.<\/p>\n\n\n\n<p>Con una trayectoria que super\u00f3 las tres d\u00e9cadas, Soto Silva se consolid\u00f3 como la voz oficial de los Naranjeros de Hermosillo. Desde la cabina, narr\u00f3 con un estilo inconfundible cientos de encuentros en la Liga Mexicana del Pac\u00edfico y la Serie del Caribe, convirti\u00e9ndose en el v\u00ednculo emocional entre el juego y la afici\u00f3n. Su excelencia profesional fue reconocida en 2003 con el Premio Antena de la CIRT, el m\u00e1ximo galard\u00f3n para los trabajadores de la comunicaci\u00f3n en M\u00e9xico.<\/p>\n\n\n\n<p>El proceso de selecci\u00f3n queda ahora en manos de un comit\u00e9 de 50 especialistas, quienes elegir\u00e1n a dos finalistas de entre ocho candidatos en la categor\u00eda de cronista. Los seleccionados ser\u00e1n entronizados en el Museo del Beisbol Mexicano en Monterrey, Nuevo Le\u00f3n, en una fecha a\u00fan por definir.<\/p>\n\n\n\n<p>La historia de Fausto es la del esfuerzo que nace en la provincia. Desde su natal Churunibabi, cerca de Nacozari de Garc\u00eda, hasta sus primeros pasos en las cr\u00f3nicas de Cananea, su ascenso fue imparable hasta convertirse en &#8220;El Hombre Antena&#8221;.<\/p>\n\n\n\n<p>Sin embargo, su impacto no se limit\u00f3 al deporte. A trav\u00e9s de &#8220;Radio Peri\u00f3dico&#8221;, Fausto Soto Silva revolucion\u00f3 el periodismo pol\u00edtico y ciudadano en Sonora. Fue el pionero en abrir los micr\u00f3fonos a la gente, creando un espacio de an\u00e1lisis y denuncia social que le dio voz a quienes no la ten\u00edan, influyendo directamente en la agenda p\u00fablica y la vinculaci\u00f3n ciudadana.<\/p>\n\n\n\n<p>M\u00e1s que un comunicador, Fausto fue un maestro para generaciones de periodistas, un referente para la clase pol\u00edtica y, sobre todo, un pilar para su familia. Su posible ingreso al Sal\u00f3n de la Fama no es solo un reconocimiento a su impecable carrera; es un acto de justicia para una voz que, a\u00fan hoy, sigue resonando en el coraz\u00f3n de Sonora.<\/p>\n\n\n\n<p class=\"has-text-align-center\"><img loading=\"lazy\" decoding=\"async\" width=\"500\" height=\"319\" class=\"wp-image-29598\" style=\"width: 500px;\" src=\"https:\/\/elreporterodelacomunidad.com\/wp-content\/uploads\/2026\/04\/4d35029a-c22f-4870-8056-53fbbce9869b.jpg\" alt=\"\" srcset=\"https:\/\/elreporterodelacomunidad.com\/wp-content\/uploads\/2026\/04\/4d35029a-c22f-4870-8056-53fbbce9869b.jpg 640w, https:\/\/elreporterodelacomunidad.com\/wp-content\/uploads\/2026\/04\/4d35029a-c22f-4870-8056-53fbbce9869b-300x191.jpg 300w\" sizes=\"auto, (max-width: 500px) 100vw, 500px\" \/><\/p>\n","protected":false},"excerpt":{"rendered":"<p>Hermosillo, Sonora a 28 de abril de 2026.- El firmamento del beisbol nacional se prepara para recibir a una de sus voces m\u00e1s emblem\u00e1ticas. Se ha hecho oficial la nominaci\u00f3n de la leyenda sonorense, Fausto Soto Silva, para ingresar al Sal\u00f3n de la Fama del Beisbol Mexicano como parte de la Clase 2026 en la [&hellip;]<\/p>\n","protected":false},"author":4,"featured_media":29597,"comment_status":"open","ping_status":"open","sticky":false,"template":"","format":"standard","meta":{"footnotes":""},"categories":[34,26],"tags":[],"class_list":["post-29596","post","type-post","status-publish","format-standard","has-post-thumbnail","hentry","category-general","category-principal"],"_links":{"self":[{"href":"https:\/\/elreporterodelacomunidad.com\/index.php\/wp-json\/wp\/v2\/posts\/29596","targetHints":{"allow":["GET"]}}],"collection":[{"href":"https:\/\/elreporterodelacomunidad.com\/index.php\/wp-json\/wp\/v2\/posts"}],"about":[{"href":"https:\/\/elreporterodelacomunidad.com\/index.php\/wp-json\/wp\/v2\/types\/post"}],"author":[{"embeddable":true,"href":"https:\/\/elreporterodelacomunidad.com\/index.php\/wp-json\/wp\/v2\/users\/4"}],"replies":[{"embeddable":true,"href":"https:\/\/elreporterodelacomunidad.com\/index.php\/wp-json\/wp\/v2\/comments?post=29596"}],"version-history":[{"count":1,"href":"https:\/\/elreporterodelacomunidad.com\/index.php\/wp-json\/wp\/v2\/posts\/29596\/revisions"}],"predecessor-version":[{"id":29599,"href":"https:\/\/elreporterodelacomunidad.com\/index.php\/wp-json\/wp\/v2\/posts\/29596\/revisions\/29599"}],"wp:featuredmedia":[{"embeddable":true,"href":"https:\/\/elreporterodelacomunidad.com\/index.php\/wp-json\/wp\/v2\/media\/29597"}],"wp:attachment":[{"href":"https:\/\/elreporterodelacomunidad.com\/index.php\/wp-json\/wp\/v2\/media?parent=29596"}],"wp:term":[{"taxonomy":"category","embeddable":true,"href":"https:\/\/elreporterodelacomunidad.com\/index.php\/wp-json\/wp\/v2\/categories?post=29596"},{"taxonomy":"post_tag","embeddable":true,"href":"https:\/\/elreporterodelacomunidad.com\/index.php\/wp-json\/wp\/v2\/tags?post=29596"}],"curies":[{"name":"wp","href":"https:\/\/api.w.org\/{rel}","templated":true}]}}