{"id":29589,"date":"2026-04-28T20:15:04","date_gmt":"2026-04-29T03:15:04","guid":{"rendered":"https:\/\/elreporterodelacomunidad.com\/?p=29589"},"modified":"2026-04-28T20:15:08","modified_gmt":"2026-04-29T03:15:08","slug":"anuncia-tono-astiazaran-a-los-dos-ganadores-de-los-vehiculos-electricos-del-sorteo-en-la-h-cumpliendo-ganas","status":"publish","type":"post","link":"https:\/\/elreporterodelacomunidad.com\/index.php\/2026\/04\/28\/anuncia-tono-astiazaran-a-los-dos-ganadores-de-los-vehiculos-electricos-del-sorteo-en-la-h-cumpliendo-ganas\/","title":{"rendered":"Anuncia To\u00f1o Astiazar\u00e1n a los dos ganadores de los veh\u00edculos el\u00e9ctricos del sorteo \u201cEn la H \u00a1Cumpliendo Ganas!\u201d"},"content":{"rendered":"\n<p>Participaron todas las personas f\u00edsicas que liquidaron el predial del a\u00f1o 2026 entre el primero de enero y el 31 de marzo_<\/p>\n\n\n\n<p>Hermosillo, Sonora; 28 de abril, 2026.- El presidente municipal Antonio Astiazar\u00e1n correspondi\u00f3 a las ciudadanas y ciudadanos que liquidaron anticipadamente su predial del 2026 en los primeros 3 meses del a\u00f1o con el sorteo de dos veh\u00edculos 100% el\u00e9ctricos, resultando ganadores Ana Luc\u00eda Rodr\u00edguez Hurtado y Jos\u00e9 Alberto Gast\u00e9lum Mart\u00ednez.<\/p>\n\n\n\n<p>Acompa\u00f1ado por Flor Ayala Robles Linares, Tesorera Municipal; Gloria Mar\u00eda G\u00f3mez Barreras, interventora de la Secretar\u00eda de Gobernaci\u00f3n; Yazmina Anaya, directora de Ingresos de Tesorer\u00eda y Rub\u00e9n Dessens Bernal, director de Castastro Municipal, To\u00f1o Astiazar\u00e1n, atestigu\u00f3 el giro de las t\u00f3mbolas que resultaron en 2 n\u00fameros de folio v\u00e1lidos: el 420115 y el 413787 y a cada uno le correspondi\u00f3 uno de los autom\u00f3viles.<\/p>\n\n\n\n<p>Son 2 carros 100% el\u00e9ctricos marca JAC, modelo E10X 2026, con valor de 345 mil pesos cada uno.<\/p>\n\n\n\n<p>\u201cCuando empezamos el a\u00f1o pasado fue un veh\u00edculo, luego en este a\u00f1o son dos veh\u00edculos y yo quiero aprovechar la oportunidad para pedirle a nuestra Tesorera y a la directora de Ingresos que el pr\u00f3ximo a\u00f1o sean 3 veh\u00edculos tambi\u00e9n el\u00e9ctricos los que se sorteen tambi\u00e9n, para ir creciendo en este esfuerzo\u201d, expres\u00f3 el presidente municipal Antonio Astiazar\u00e1n<\/p>\n\n\n\n<p>Agradeci\u00f3 a todas las ciudadanas y ciudadanos participantes por confiar en que los recursos que aportan con el pago de sus contribuciones municipales est\u00e1n us\u00e1ndose con transparencia y eficiencia, en beneficio de todas y todos. \u201cMas que celebrar un sorteo yo creo que aqu\u00ed estamos celebrando la confianza de los hermosillenses en su ciudad y en su gobierno\u201d, destac\u00f3.<\/p>\n\n\n\n<figure class=\"wp-block-video\"><video height=\"1080\" style=\"aspect-ratio: 1920 \/ 1080;\" width=\"1920\" controls src=\"https:\/\/elreporterodelacomunidad.com\/wp-content\/uploads\/2026\/04\/VIDEO-INSERT-SORTEO-EN-LA-H-CUMPLIENDO-GANAS.mp4\"><\/video><\/figure>\n","protected":false},"excerpt":{"rendered":"<p>Participaron todas las personas f\u00edsicas que liquidaron el predial del a\u00f1o 2026 entre el primero de enero y el 31 de marzo_ Hermosillo, Sonora; 28 de abril, 2026.- El presidente municipal Antonio Astiazar\u00e1n correspondi\u00f3 a las ciudadanas y ciudadanos que liquidaron anticipadamente su predial del 2026 en los primeros 3 meses del a\u00f1o con el [&hellip;]<\/p>\n","protected":false},"author":4,"featured_media":29590,"comment_status":"open","ping_status":"open","sticky":false,"template":"","format":"standard","meta":{"footnotes":""},"categories":[34,26],"tags":[],"class_list":["post-29589","post","type-post","status-publish","format-standard","has-post-thumbnail","hentry","category-general","category-principal"],"_links":{"self":[{"href":"https:\/\/elreporterodelacomunidad.com\/index.php\/wp-json\/wp\/v2\/posts\/29589","targetHints":{"allow":["GET"]}}],"collection":[{"href":"https:\/\/elreporterodelacomunidad.com\/index.php\/wp-json\/wp\/v2\/posts"}],"about":[{"href":"https:\/\/elreporterodelacomunidad.com\/index.php\/wp-json\/wp\/v2\/types\/post"}],"author":[{"embeddable":true,"href":"https:\/\/elreporterodelacomunidad.com\/index.php\/wp-json\/wp\/v2\/users\/4"}],"replies":[{"embeddable":true,"href":"https:\/\/elreporterodelacomunidad.com\/index.php\/wp-json\/wp\/v2\/comments?post=29589"}],"version-history":[{"count":1,"href":"https:\/\/elreporterodelacomunidad.com\/index.php\/wp-json\/wp\/v2\/posts\/29589\/revisions"}],"predecessor-version":[{"id":29592,"href":"https:\/\/elreporterodelacomunidad.com\/index.php\/wp-json\/wp\/v2\/posts\/29589\/revisions\/29592"}],"wp:featuredmedia":[{"embeddable":true,"href":"https:\/\/elreporterodelacomunidad.com\/index.php\/wp-json\/wp\/v2\/media\/29590"}],"wp:attachment":[{"href":"https:\/\/elreporterodelacomunidad.com\/index.php\/wp-json\/wp\/v2\/media?parent=29589"}],"wp:term":[{"taxonomy":"category","embeddable":true,"href":"https:\/\/elreporterodelacomunidad.com\/index.php\/wp-json\/wp\/v2\/categories?post=29589"},{"taxonomy":"post_tag","embeddable":true,"href":"https:\/\/elreporterodelacomunidad.com\/index.php\/wp-json\/wp\/v2\/tags?post=29589"}],"curies":[{"name":"wp","href":"https:\/\/api.w.org\/{rel}","templated":true}]}}