{"id":29585,"date":"2026-04-28T20:01:10","date_gmt":"2026-04-29T03:01:10","guid":{"rendered":"https:\/\/elreporterodelacomunidad.com\/?p=29585"},"modified":"2026-04-28T20:01:14","modified_gmt":"2026-04-29T03:01:14","slug":"relacion-sonora-arizona-se-siente-en-mas-bienestar-para-las-familias-paulina-ocana","status":"publish","type":"post","link":"https:\/\/elreporterodelacomunidad.com\/index.php\/2026\/04\/28\/relacion-sonora-arizona-se-siente-en-mas-bienestar-para-las-familias-paulina-ocana\/","title":{"rendered":"Relaci\u00f3n Sonora-Arizona se siente en m\u00e1s bienestar para las familias: Paulina Oca\u00f1a"},"content":{"rendered":"\n<p>Hermosillo, Sonora; 28 de abril de 2026.- Con el liderazgo del gobernador Alfonso Durazo y en coordinaci\u00f3n con la gobernadora de Arizona, Katie Hobbs, Sonora avanza en una agenda binacional que se mide en resultados que llegan directo a la vida diaria de las familias: m\u00e1s empleo, mejores ingresos y nuevas oportunidades para quienes m\u00e1s lo necesitan.<\/p>\n\n\n\n<p>Paulina Oca\u00f1a, jefa de la Oficina del Ejecutivo Estatal, destac\u00f3 que esta visi\u00f3n de megarregi\u00f3n fortalece a Sonora como la Puerta Log\u00edstica del Noroeste y permite que el crecimiento econ\u00f3mico se convierta en bienestar duradero y prosperidad compartida, porque cuando llegan inversiones tambi\u00e9n llegan oportunidades reales para el pueblo.<\/p>\n\n\n\n<p>Explic\u00f3 que la reciente agenda incluy\u00f3 encuentros con la C\u00e1mara de Comercio Hispana de Arizona, donde participaron la gobernadora Katie Hobbs y M\u00f3nica Villalobos, presidenta y CEO de este organismo, adem\u00e1s de reuniones bilaterales en Ciudad de M\u00e9xico, donde se abordaron temas clave como comercio, nearshoring, cadenas de suministro, infraestructura y competitividad regional. M\u00e9xico mantiene con Arizona un comercio superior a los 20 mil millones de d\u00f3lares anuales, una relaci\u00f3n que representa crecimiento directo para Sonora.<\/p>\n\n\n\n<p>\u201cCuando hablamos de inversi\u00f3n no hablamos de n\u00fameros lejanos, hablamos de la tranquilidad de una familia que sabe que habr\u00e1 trabajo, que podr\u00e1 pagar la escuela de sus hijos y tener estabilidad en casa. Esa es la visi\u00f3n del gobernador Durazo: que el desarrollo se sienta en cada colonia y en cada municipio\u201d, expres\u00f3 Paulina Oca\u00f1a.<\/p>\n\n\n\n<p>Actualmente, Sonora suma 94 proyectos activos de inversi\u00f3n de m\u00e1s de 10 pa\u00edses, con una proyecci\u00f3n de 19 mil 100 millones de d\u00f3lares y la generaci\u00f3n de m\u00e1s de 41 mil 600 empleos directos, adem\u00e1s de que m\u00e1s de 450 mil personas salieron de la pobreza entre 2020 y 2024, reflejando que la transformaci\u00f3n econ\u00f3mica tambi\u00e9n tiene un profundo sentido social.<\/p>\n\n\n\n<p>En Hermosillo, este avance tambi\u00e9n se traduce en mejores oportunidades para j\u00f3venes, mayor movimiento para peque\u00f1os negocios y mejores condiciones para las familias que todos los d\u00edas sostienen la econom\u00eda local, demostrando que gobernar con sentido social s\u00ed transforma la vida de la gente.<\/p>\n\n\n\n<p>La pr\u00f3xima Reuni\u00f3n Plenaria de la Comisi\u00f3n Sonora-Arizona, que se realizar\u00e1 el 24 y 25 de junio en Hermosillo, permitir\u00e1 seguir impulsando acciones en agua, infraestructura, seguridad fronteriza y manufactura avanzada, consolidando una ruta de bienestar duradero para las y los sonorenses.<\/p>\n\n\n\n<p class=\"has-text-align-center\"><img loading=\"lazy\" decoding=\"async\" width=\"500\" height=\"333\" class=\"wp-image-29587\" style=\"width: 500px;\" src=\"https:\/\/elreporterodelacomunidad.com\/wp-content\/uploads\/2026\/04\/15cc4019-dd98-423d-9fb9-abd56f3a27f2.jpg\" alt=\"\" srcset=\"https:\/\/elreporterodelacomunidad.com\/wp-content\/uploads\/2026\/04\/15cc4019-dd98-423d-9fb9-abd56f3a27f2.jpg 1280w, https:\/\/elreporterodelacomunidad.com\/wp-content\/uploads\/2026\/04\/15cc4019-dd98-423d-9fb9-abd56f3a27f2-300x200.jpg 300w, https:\/\/elreporterodelacomunidad.com\/wp-content\/uploads\/2026\/04\/15cc4019-dd98-423d-9fb9-abd56f3a27f2-1024x682.jpg 1024w, https:\/\/elreporterodelacomunidad.com\/wp-content\/uploads\/2026\/04\/15cc4019-dd98-423d-9fb9-abd56f3a27f2-768x511.jpg 768w, https:\/\/elreporterodelacomunidad.com\/wp-content\/uploads\/2026\/04\/15cc4019-dd98-423d-9fb9-abd56f3a27f2-750x499.jpg 750w, https:\/\/elreporterodelacomunidad.com\/wp-content\/uploads\/2026\/04\/15cc4019-dd98-423d-9fb9-abd56f3a27f2-1140x759.jpg 1140w\" sizes=\"auto, (max-width: 500px) 100vw, 500px\" \/><\/p>\n","protected":false},"excerpt":{"rendered":"<p>Hermosillo, Sonora; 28 de abril de 2026.- Con el liderazgo del gobernador Alfonso Durazo y en coordinaci\u00f3n con la gobernadora de Arizona, Katie Hobbs, Sonora avanza en una agenda binacional que se mide en resultados que llegan directo a la vida diaria de las familias: m\u00e1s empleo, mejores ingresos y nuevas oportunidades para quienes m\u00e1s [&hellip;]<\/p>\n","protected":false},"author":4,"featured_media":29586,"comment_status":"open","ping_status":"open","sticky":false,"template":"","format":"standard","meta":{"footnotes":""},"categories":[42],"tags":[],"class_list":["post-29585","post","type-post","status-publish","format-standard","has-post-thumbnail","hentry","category-economia"],"_links":{"self":[{"href":"https:\/\/elreporterodelacomunidad.com\/index.php\/wp-json\/wp\/v2\/posts\/29585","targetHints":{"allow":["GET"]}}],"collection":[{"href":"https:\/\/elreporterodelacomunidad.com\/index.php\/wp-json\/wp\/v2\/posts"}],"about":[{"href":"https:\/\/elreporterodelacomunidad.com\/index.php\/wp-json\/wp\/v2\/types\/post"}],"author":[{"embeddable":true,"href":"https:\/\/elreporterodelacomunidad.com\/index.php\/wp-json\/wp\/v2\/users\/4"}],"replies":[{"embeddable":true,"href":"https:\/\/elreporterodelacomunidad.com\/index.php\/wp-json\/wp\/v2\/comments?post=29585"}],"version-history":[{"count":1,"href":"https:\/\/elreporterodelacomunidad.com\/index.php\/wp-json\/wp\/v2\/posts\/29585\/revisions"}],"predecessor-version":[{"id":29588,"href":"https:\/\/elreporterodelacomunidad.com\/index.php\/wp-json\/wp\/v2\/posts\/29585\/revisions\/29588"}],"wp:featuredmedia":[{"embeddable":true,"href":"https:\/\/elreporterodelacomunidad.com\/index.php\/wp-json\/wp\/v2\/media\/29586"}],"wp:attachment":[{"href":"https:\/\/elreporterodelacomunidad.com\/index.php\/wp-json\/wp\/v2\/media?parent=29585"}],"wp:term":[{"taxonomy":"category","embeddable":true,"href":"https:\/\/elreporterodelacomunidad.com\/index.php\/wp-json\/wp\/v2\/categories?post=29585"},{"taxonomy":"post_tag","embeddable":true,"href":"https:\/\/elreporterodelacomunidad.com\/index.php\/wp-json\/wp\/v2\/tags?post=29585"}],"curies":[{"name":"wp","href":"https:\/\/api.w.org\/{rel}","templated":true}]}}