{"id":29573,"date":"2026-04-28T14:58:26","date_gmt":"2026-04-28T21:58:26","guid":{"rendered":"https:\/\/elreporterodelacomunidad.com\/?p=29573"},"modified":"2026-04-28T14:58:29","modified_gmt":"2026-04-28T21:58:29","slug":"alumno-de-uts-conquista-doble-oro-en-atletismo-en-el-1er-encuentro-nacional-cultural-y-deportivo","status":"publish","type":"post","link":"https:\/\/elreporterodelacomunidad.com\/index.php\/2026\/04\/28\/alumno-de-uts-conquista-doble-oro-en-atletismo-en-el-1er-encuentro-nacional-cultural-y-deportivo\/","title":{"rendered":"Alumno de UTS conquista doble oro en atletismo en el 1er Encuentro Nacional Cultural y Deportivo"},"content":{"rendered":"\n<p>Bah\u00eda de Banderas, Nayarit; 28 de abril de 2026.- Juan Antonio Mac\u00edas Valdez, alumno de la carrera de Ingenier\u00eda Industrial en la Universidad Tecnol\u00f3gica del Sur de Sonora (UTS), se consolid\u00f3 como una de las figuras m\u00e1s destacadas del 1er Encuentro Nacional Cultural y Deportivo de las Universidades del Subsistema Tecnol\u00f3gico, al obtener dos medallas de oro.<\/p>\n\n\n\n<p>El joven se coron\u00f3 campe\u00f3n nacional en lanzamiento de bala con una marca de 16.02 metros y, posteriormente, reafirm\u00f3 su dominio al obtener la segunda medalla de oro en lanzamiento de disco, con un registro de 44.68 metros, en la pista de la unidad deportiva de Bah\u00eda de Banderas.<\/p>\n\n\n\n<p>Al respecto, el rector de la UTS, Sergio Pablo Mariscal Alvarado, destac\u00f3 que estos resultados son reflejo del trabajo sistem\u00e1tico, la disciplina y el compromiso de las y los estudiantes, as\u00ed como del acompa\u00f1amiento de entrenadores y del fortalecimiento institucional que impulsa la formaci\u00f3n integral.<\/p>\n\n\n\n<p>Agreg\u00f3 que esta participaci\u00f3n est\u00e1 alineada a las pol\u00edticas p\u00fablicas promovidas por el gobernador Alfonso Durazo y el impulso al subsistema encabezado por la Direcci\u00f3n General de Universidades Tecnol\u00f3gicas y Polit\u00e9cnicas, que dirige Marlenne Johvana Mendoza Gonz\u00e1lez.<\/p>\n\n\n\n<p>Como resultado del destacado desempe\u00f1o de Mac\u00edas Valdez, el entrenador Rafael Hern\u00e1ndez Vega recibi\u00f3 una medalla conmemorativa, otorgada a las delegaciones medallistas, en reconocimiento a la estrategia, preparaci\u00f3n y resultados obtenidos durante la justa nacional.<\/p>\n\n\n\n<p>La UTS tambi\u00e9n tuvo una participaci\u00f3n sobresaliente en otras disciplinas como mural en gis y ajedrez, donde la estudiante Alondra Esmeralda Campos Mart\u00ednez destac\u00f3 por su propuesta art\u00edstica bajo la gu\u00eda de la Mtra. Laura Yubitzia Garc\u00eda Amavizca, mientras que, en ajedrez, los estudiantes Cristian Alberto L\u00f3pez Orona y Jorge Enrique Parra Ruiz demostraron un alto nivel competitivo bajo la asesor\u00eda del Mtro. Luis Alfonso Soto Gastelo.<\/p>\n\n\n\n<p>Finalmente, los alumnos Sim\u00f3n Alejandro L\u00f3pez Germ\u00e1n, Jes\u00fas Ernesto Parra Sauceda, Cristo Ram\u00f3n Valencia Mendoza, Gustavo Adolfo Ramos Aldaco y Juan Antonio Mac\u00edas Valdez lograron un buen papel en atletismo, entrenados por el Mtro. Rafael Hern\u00e1ndez Vega, reflejando el trabajo integral que impulsa la Coordinaci\u00f3n General de Arte, Cultura y Deporte, a cargo del Mtro. Octavio Ibarra Zayas.<\/p>\n\n\n\n<p class=\"has-text-align-center\"><img loading=\"lazy\" decoding=\"async\" width=\"500\" height=\"667\" class=\"wp-image-29576\" style=\"width: 500px;\" src=\"https:\/\/elreporterodelacomunidad.com\/wp-content\/uploads\/2026\/04\/a59966f0-9698-4a26-be33-34cb71bac468.jpg\" alt=\"\" srcset=\"https:\/\/elreporterodelacomunidad.com\/wp-content\/uploads\/2026\/04\/a59966f0-9698-4a26-be33-34cb71bac468.jpg 1200w, https:\/\/elreporterodelacomunidad.com\/wp-content\/uploads\/2026\/04\/a59966f0-9698-4a26-be33-34cb71bac468-225x300.jpg 225w, https:\/\/elreporterodelacomunidad.com\/wp-content\/uploads\/2026\/04\/a59966f0-9698-4a26-be33-34cb71bac468-768x1024.jpg 768w, https:\/\/elreporterodelacomunidad.com\/wp-content\/uploads\/2026\/04\/a59966f0-9698-4a26-be33-34cb71bac468-1152x1536.jpg 1152w, https:\/\/elreporterodelacomunidad.com\/wp-content\/uploads\/2026\/04\/a59966f0-9698-4a26-be33-34cb71bac468-750x1000.jpg 750w, https:\/\/elreporterodelacomunidad.com\/wp-content\/uploads\/2026\/04\/a59966f0-9698-4a26-be33-34cb71bac468-1140x1520.jpg 1140w\" sizes=\"auto, (max-width: 500px) 100vw, 500px\" \/><\/p>\n","protected":false},"excerpt":{"rendered":"<p>Bah\u00eda de Banderas, Nayarit; 28 de abril de 2026.- Juan Antonio Mac\u00edas Valdez, alumno de la carrera de Ingenier\u00eda Industrial en la Universidad Tecnol\u00f3gica del Sur de Sonora (UTS), se consolid\u00f3 como una de las figuras m\u00e1s destacadas del 1er Encuentro Nacional Cultural y Deportivo de las Universidades del Subsistema Tecnol\u00f3gico, al obtener dos medallas [&hellip;]<\/p>\n","protected":false},"author":4,"featured_media":29575,"comment_status":"open","ping_status":"open","sticky":false,"template":"","format":"standard","meta":{"footnotes":""},"categories":[33],"tags":[],"class_list":["post-29573","post","type-post","status-publish","format-standard","has-post-thumbnail","hentry","category-deportes"],"_links":{"self":[{"href":"https:\/\/elreporterodelacomunidad.com\/index.php\/wp-json\/wp\/v2\/posts\/29573","targetHints":{"allow":["GET"]}}],"collection":[{"href":"https:\/\/elreporterodelacomunidad.com\/index.php\/wp-json\/wp\/v2\/posts"}],"about":[{"href":"https:\/\/elreporterodelacomunidad.com\/index.php\/wp-json\/wp\/v2\/types\/post"}],"author":[{"embeddable":true,"href":"https:\/\/elreporterodelacomunidad.com\/index.php\/wp-json\/wp\/v2\/users\/4"}],"replies":[{"embeddable":true,"href":"https:\/\/elreporterodelacomunidad.com\/index.php\/wp-json\/wp\/v2\/comments?post=29573"}],"version-history":[{"count":1,"href":"https:\/\/elreporterodelacomunidad.com\/index.php\/wp-json\/wp\/v2\/posts\/29573\/revisions"}],"predecessor-version":[{"id":29577,"href":"https:\/\/elreporterodelacomunidad.com\/index.php\/wp-json\/wp\/v2\/posts\/29573\/revisions\/29577"}],"wp:featuredmedia":[{"embeddable":true,"href":"https:\/\/elreporterodelacomunidad.com\/index.php\/wp-json\/wp\/v2\/media\/29575"}],"wp:attachment":[{"href":"https:\/\/elreporterodelacomunidad.com\/index.php\/wp-json\/wp\/v2\/media?parent=29573"}],"wp:term":[{"taxonomy":"category","embeddable":true,"href":"https:\/\/elreporterodelacomunidad.com\/index.php\/wp-json\/wp\/v2\/categories?post=29573"},{"taxonomy":"post_tag","embeddable":true,"href":"https:\/\/elreporterodelacomunidad.com\/index.php\/wp-json\/wp\/v2\/tags?post=29573"}],"curies":[{"name":"wp","href":"https:\/\/api.w.org\/{rel}","templated":true}]}}